{"id":172936,"date":"2025-06-02T09:42:12","date_gmt":"2025-06-02T12:42:12","guid":{"rendered":"https:\/\/cdnoticias.com\/?p=172936"},"modified":"2025-06-02T09:42:14","modified_gmt":"2025-06-02T12:42:14","slug":"el-gobierno-prorrogo-la-emergencia-energetica-y-continuara-la-intervencion-de-los-entes-reguladores","status":"publish","type":"post","link":"https:\/\/cdnoticias.com\/index.php\/2025\/06\/02\/el-gobierno-prorrogo-la-emergencia-energetica-y-continuara-la-intervencion-de-los-entes-reguladores\/","title":{"rendered":"El Gobierno prorrog\u00f3 la emergencia energ\u00e9tica y continuar\u00e1 la intervenci\u00f3n de los entes reguladores"},"content":{"rendered":"<p>La decisi\u00f3n fue publicada en el Bolet\u00edn Oficial y mantiene hasta julio de 2026 la emergencia en electricidad y gas. Tambi\u00e9n seguir\u00e1 la intervenci\u00f3n del ENRE y Enargas.<!--more--><\/p>\n<hr \/>\n<p><strong>El Gobierno nacional extendi\u00f3 la emergencia energ\u00e9tica en los sectores de electricidad y gas<\/strong> y dispuso la continuidad de la intervenci\u00f3n en los organismos de control. La medida qued\u00f3 oficializada este lunes a trav\u00e9s del <strong>Decreto 370\/2025<\/strong>, difundido en el Bolet\u00edn Oficial, con las<strong> firmas del presidente Javier Milei y todos los ministros<\/strong> del gabinete. La vigencia se prolongar\u00e1 <strong>hasta el 9 de julio de 2026<\/strong>.<\/p>\n<p>El decreto<strong> prorroga la \u201cemergencia del Sector Energ\u00e9tico Nacional<\/strong> declarada por el Decreto N\u00ba 55\/2023 y prorrogada por el Decreto N.\u00ba 1023\/2024\u201d, en las <strong>\u00e1reas de generaci\u00f3n, transporte y distribuci\u00f3n de energ\u00eda el\u00e9ctrica bajo jurisdicci\u00f3n federal<\/strong>, as\u00ed como<strong> en el transporte y distribuci\u00f3n de gas natural<\/strong>. El Poder Ejecutivo justific\u00f3 la decisi\u00f3n ante<strong> \u201cla necesidad urgente de asegurar la continuidad en la prestaci\u00f3n de los servicios p\u00fablicos\u201d<\/strong>.<\/p>\n<blockquote><p>Tambi\u00e9n se resolvi\u00f3 sostener la intervenci\u00f3n del Ente Nacional Regulador de la Electricidad (ENRE) y del Ente Nacional Regulador del Gas (Enargas). Ambos entes permanecer\u00e1n bajo tutela del Ejecutivo hasta la fecha indicada o hasta que se concrete la creaci\u00f3n del Ente Nacional Regulador del Gas y la Electricidad, que asumir\u00e1 sus funciones, \u201clo que ocurra primero\u201d.<\/p><\/blockquote>\n<p>Por otro lado, el Gobierno renov\u00f3 el <strong>\u201cper\u00edodo de transici\u00f3n hacia subsidios energ\u00e9ticos focalizados\u201d<\/strong> establecido por el Decreto N\u00ba 465\/2024. Seg\u00fan lo dispuesto, la Secretar\u00eda de Energ\u00eda seguir\u00e1 a cargo como autoridad de aplicaci\u00f3n, con la facultad de dictar las resoluciones necesarias para redise\u00f1ar el r\u00e9gimen de subsidios y definir nuevos mecanismos de asignaci\u00f3n directa a los usuarios.<\/p>\n<p>El texto tambi\u00e9n incluye un<strong> llamado a las provincias para que coordinen<\/strong> con la Secretar\u00eda de Energ\u00eda<strong> \u201clas acciones de emergencia necesarias para asegurar la prestaci\u00f3n de los servicios el\u00e9ctricos en sus jurisdicciones\u201d<\/strong> y cooperen en la implementaci\u00f3n de la nueva pol\u00edtica de subsidios.<\/p>\n<p>En los considerandos, <strong>el Ejecutivo asegur\u00f3 haber recibido \u201cuna herencia institucional, econ\u00f3mica y social grav\u00edsima\u201d<\/strong> y argument\u00f3 que \u201ccontin\u00faa siendo imprescindible adoptar medidas que permitan superar la situaci\u00f3n de emergencia generada por las excepcionales condiciones econ\u00f3micas y sociales que la Naci\u00f3n padece\u201d.<\/p>\n<blockquote><p>En relaci\u00f3n con el estado del sistema energ\u00e9tico, el decreto advierte sobre \u201cla vulnerabilidad y el estado cr\u00edtico\u201d de tres factores clave: la recaudaci\u00f3n, las instalaciones de suministro y la ausencia de se\u00f1ales de mercado tanto en la oferta como en la demanda.<\/p><\/blockquote>\n<p>Finalmente, el texto sostiene que la continuidad de la emergencia del sector energ\u00e9tico<em> \u201ccontribuir\u00e1 a erradicar la opacidad de las tarifas finales y la confusi\u00f3n entre los montos facturados y los subsidios\u201d<\/em>.<\/p>\n<p>A modo de cierre, el Gobierno plante\u00f3 que<strong> el nuevo esquema apunta a garantizar que \u201cel usuario final pueda discernir seg\u00fan qu\u00e9 conceptos y por qu\u00e9 importes abona el servicio respectivo<\/strong>, en un todo de acuerdo a sus propios intereses econ\u00f3micos\u201d, en consonancia con el art\u00edculo 42 de la Constituci\u00f3n Nacional.<\/p>\n<p>Fuente: <em>Agencia DIB<\/em><\/p>\n","protected":false},"excerpt":{"rendered":"<p>La decisi\u00f3n fue publicada en el Bolet\u00edn Oficial y mantiene hasta julio de 2026 la emergencia en electricidad y gas.<\/p>\n","protected":false},"author":4,"featured_media":39703,"comment_status":"closed","ping_status":"closed","sticky":false,"template":"","format":"standard","meta":{"_jetpack_memberships_contains_paid_content":false,"footnotes":""},"categories":[6,1],"tags":[],"class_list":["post-172936","post","type-post","status-publish","format-standard","has-post-thumbnail","hentry","category-nacionales","category-portada"],"jetpack_featured_media_url":"https:\/\/i0.wp.com\/cdnoticias.com\/wp-content\/uploads\/2021\/11\/dib-electricidad.jpg?fit=696%2C462&ssl=1","jetpack_sharing_enabled":true,"_links":{"self":[{"href":"https:\/\/cdnoticias.com\/index.php\/wp-json\/wp\/v2\/posts\/172936","targetHints":{"allow":["GET"]}}],"collection":[{"href":"https:\/\/cdnoticias.com\/index.php\/wp-json\/wp\/v2\/posts"}],"about":[{"href":"https:\/\/cdnoticias.com\/index.php\/wp-json\/wp\/v2\/types\/post"}],"author":[{"embeddable":true,"href":"https:\/\/cdnoticias.com\/index.php\/wp-json\/wp\/v2\/users\/4"}],"replies":[{"embeddable":true,"href":"https:\/\/cdnoticias.com\/index.php\/wp-json\/wp\/v2\/comments?post=172936"}],"version-history":[{"count":0,"href":"https:\/\/cdnoticias.com\/index.php\/wp-json\/wp\/v2\/posts\/172936\/revisions"}],"wp:featuredmedia":[{"embeddable":true,"href":"https:\/\/cdnoticias.com\/index.php\/wp-json\/wp\/v2\/media\/39703"}],"wp:attachment":[{"href":"https:\/\/cdnoticias.com\/index.php\/wp-json\/wp\/v2\/media?parent=172936"}],"wp:term":[{"taxonomy":"category","embeddable":true,"href":"https:\/\/cdnoticias.com\/index.php\/wp-json\/wp\/v2\/categories?post=172936"},{"taxonomy":"post_tag","embeddable":true,"href":"https:\/\/cdnoticias.com\/index.php\/wp-json\/wp\/v2\/tags?post=172936"}],"curies":[{"name":"wp","href":"https:\/\/api.w.org\/{rel}","templated":true}]}}