{"id":172932,"date":"2025-06-02T09:16:01","date_gmt":"2025-06-02T12:16:01","guid":{"rendered":"https:\/\/cdnoticias.com\/?p=172932"},"modified":"2025-06-02T10:01:15","modified_gmt":"2025-06-02T13:01:15","slug":"un-hombre-fallecio-en-un-choque-sobre-la-avenida-trabajadores","status":"publish","type":"post","link":"https:\/\/cdnoticias.com\/index.php\/2025\/06\/02\/un-hombre-fallecio-en-un-choque-sobre-la-avenida-trabajadores\/","title":{"rendered":"Un hombre falleci\u00f3 en un choque sobre la avenida Trabajadores"},"content":{"rendered":"<p>El siniestro se dio hacia las 5 de la ma\u00f1ana de este lunes. Un auto choc\u00f3 contra un \u00e1rbol y el conductor del veh\u00edculo sali\u00f3 despedido del veh\u00edculo.<!--more--><\/p>\n<hr \/>\n<p>Un <strong>hombre falleci\u00f3 hacia las 5 de la ma\u00f1ana<\/strong> de este lunes en un<strong> siniestro vial<\/strong> registrado sobre la avenida Trabajadores en Olavarr\u00eda.<\/p>\n<p>Seg\u00fan se pudo saber, <strong>un \u00fanico veh\u00edculo se vio involucrado<\/strong> en el caso y<em> al momento del arribo del personal policial el conductor del rodado hab\u00eda fallecido<\/em>.<\/p>\n<blockquote><p>El caso tuvo lugar en Trabajadores y San Lorenzo. Un auto Peugeot 207 choc\u00f3 contra un \u00e1rbol en la ochava noreste del cruce. Tras el impacto, el rodado se detuvo en el medio de ambas calles.<\/p><\/blockquote>\n<p><strong>El conductor sali\u00f3 despedido del auto<\/strong> y qued\u00f3 tendido sobre el asfalto.<\/p>\n<p>Inmediatamente fue convocado personal del Hospital Municipal que <strong>constat\u00f3 el deceso del hombre<\/strong>. Con ello se iniciaron las actuaciones policiales para establecer lo sucedido e iniciar formalmente la investigaci\u00f3n. Trabaj\u00f3<strong> personal del Comando de Patrullas<\/strong>. En ese sentido, se inform\u00f3 que <strong>fue vallada la zona y trabajaron los peritos de Polic\u00eda Cient\u00edfica<\/strong>.<\/p>\n<p>Las actuaciones se concretaron bajo la car\u00e1tula de<strong> \u201cmuerte por accidente\u201d<\/strong> y se elevaron para la intervenci\u00f3n de la <strong>UFI N\u00ba 7 a cargo del fiscal Christian Url\u00e9zaga<\/strong>.<\/p>\n","protected":false},"excerpt":{"rendered":"<p>El siniestro se dio hacia las 5 de la ma\u00f1ana de este lunes. Un auto choc\u00f3 contra un \u00e1rbol y<\/p>\n","protected":false},"author":4,"featured_media":172933,"comment_status":"closed","ping_status":"closed","sticky":false,"template":"","format":"standard","meta":{"_jetpack_memberships_contains_paid_content":false,"footnotes":""},"categories":[14,1],"tags":[],"class_list":["post-172932","post","type-post","status-publish","format-standard","has-post-thumbnail","hentry","category-policiales","category-portada"],"jetpack_featured_media_url":"https:\/\/i0.wp.com\/cdnoticias.com\/wp-content\/uploads\/2025\/06\/choque-trabajadores-y-san-lorenzo.jpg?fit=800%2C445&ssl=1","jetpack_sharing_enabled":true,"_links":{"self":[{"href":"https:\/\/cdnoticias.com\/index.php\/wp-json\/wp\/v2\/posts\/172932","targetHints":{"allow":["GET"]}}],"collection":[{"href":"https:\/\/cdnoticias.com\/index.php\/wp-json\/wp\/v2\/posts"}],"about":[{"href":"https:\/\/cdnoticias.com\/index.php\/wp-json\/wp\/v2\/types\/post"}],"author":[{"embeddable":true,"href":"https:\/\/cdnoticias.com\/index.php\/wp-json\/wp\/v2\/users\/4"}],"replies":[{"embeddable":true,"href":"https:\/\/cdnoticias.com\/index.php\/wp-json\/wp\/v2\/comments?post=172932"}],"version-history":[{"count":0,"href":"https:\/\/cdnoticias.com\/index.php\/wp-json\/wp\/v2\/posts\/172932\/revisions"}],"wp:featuredmedia":[{"embeddable":true,"href":"https:\/\/cdnoticias.com\/index.php\/wp-json\/wp\/v2\/media\/172933"}],"wp:attachment":[{"href":"https:\/\/cdnoticias.com\/index.php\/wp-json\/wp\/v2\/media?parent=172932"}],"wp:term":[{"taxonomy":"category","embeddable":true,"href":"https:\/\/cdnoticias.com\/index.php\/wp-json\/wp\/v2\/categories?post=172932"},{"taxonomy":"post_tag","embeddable":true,"href":"https:\/\/cdnoticias.com\/index.php\/wp-json\/wp\/v2\/tags?post=172932"}],"curies":[{"name":"wp","href":"https:\/\/api.w.org\/{rel}","templated":true}]}}