{"id":172867,"date":"2025-05-31T21:43:23","date_gmt":"2025-06-01T00:43:23","guid":{"rendered":"https:\/\/cdnoticias.com\/?p=172867"},"modified":"2025-05-31T21:43:25","modified_gmt":"2025-06-01T00:43:25","slug":"florencia-stang-viuda-de-medina-flor-q-e-p-d","status":"publish","type":"post","link":"https:\/\/cdnoticias.com\/index.php\/2025\/05\/31\/florencia-stang-viuda-de-medina-flor-q-e-p-d\/","title":{"rendered":"Florencia Stang viuda de Medina &#8220;Flor&#8221; (Q.E.P.D.)"},"content":{"rendered":"<p>Falleci\u00f3 en Olavarr\u00eda el d\u00eda 31 de Mayo de 2025 a los 95 a\u00f1os de edad.<\/p>\n<p>Su hija: Vivian Medina; su hermana: Cecilia y sobrinos participan su fallecimiento.<\/p>\n<p>Velatorio: sin velatorio. Responso: Sin responso. Inhumaci\u00f3n: Cementerio Loma de Paz, domingo 1 de Junio de 2025 a las 9:30 hs. Servicio adherido a Coopelectric.<\/p>\n<p>Vecina de barrio Roca Merlo<\/p>\n<p>Lugar de nacimiento: Azul<\/p>\n<p>Actividad que desarrollaba: jubilada<\/p>\n","protected":false},"excerpt":{"rendered":"<p>Falleci\u00f3 en Olavarr\u00eda el d\u00eda 31 de Mayo de 2025 a los 95 a\u00f1os de edad. Su hija: Vivian Medina;<\/p>\n","protected":false},"author":4,"featured_media":51544,"comment_status":"closed","ping_status":"closed","sticky":false,"template":"","format":"standard","meta":{"_jetpack_memberships_contains_paid_content":false,"footnotes":""},"categories":[10],"tags":[],"class_list":["post-172867","post","type-post","status-publish","format-standard","has-post-thumbnail","hentry","category-necrologicas"],"jetpack_featured_media_url":"https:\/\/i0.wp.com\/cdnoticias.com\/wp-content\/uploads\/2022\/04\/necrologicas-390-x-240.jpg?fit=390%2C240&ssl=1","jetpack_sharing_enabled":true,"_links":{"self":[{"href":"https:\/\/cdnoticias.com\/index.php\/wp-json\/wp\/v2\/posts\/172867","targetHints":{"allow":["GET"]}}],"collection":[{"href":"https:\/\/cdnoticias.com\/index.php\/wp-json\/wp\/v2\/posts"}],"about":[{"href":"https:\/\/cdnoticias.com\/index.php\/wp-json\/wp\/v2\/types\/post"}],"author":[{"embeddable":true,"href":"https:\/\/cdnoticias.com\/index.php\/wp-json\/wp\/v2\/users\/4"}],"replies":[{"embeddable":true,"href":"https:\/\/cdnoticias.com\/index.php\/wp-json\/wp\/v2\/comments?post=172867"}],"version-history":[{"count":0,"href":"https:\/\/cdnoticias.com\/index.php\/wp-json\/wp\/v2\/posts\/172867\/revisions"}],"wp:featuredmedia":[{"embeddable":true,"href":"https:\/\/cdnoticias.com\/index.php\/wp-json\/wp\/v2\/media\/51544"}],"wp:attachment":[{"href":"https:\/\/cdnoticias.com\/index.php\/wp-json\/wp\/v2\/media?parent=172867"}],"wp:term":[{"taxonomy":"category","embeddable":true,"href":"https:\/\/cdnoticias.com\/index.php\/wp-json\/wp\/v2\/categories?post=172867"},{"taxonomy":"post_tag","embeddable":true,"href":"https:\/\/cdnoticias.com\/index.php\/wp-json\/wp\/v2\/tags?post=172867"}],"curies":[{"name":"wp","href":"https:\/\/api.w.org\/{rel}","templated":true}]}}