{"id":172825,"date":"2025-06-04T08:35:13","date_gmt":"2025-06-04T11:35:13","guid":{"rendered":"https:\/\/cdnoticias.com\/?p=172825"},"modified":"2025-06-04T10:02:49","modified_gmt":"2025-06-04T13:02:49","slug":"nueva-edicion-de-mercados-bonaerenses-en-el-corsodromo-municipal","status":"publish","type":"post","link":"https:\/\/cdnoticias.com\/index.php\/2025\/06\/04\/nueva-edicion-de-mercados-bonaerenses-en-el-corsodromo-municipal\/","title":{"rendered":"Nueva edici\u00f3n de Mercados Bonaerenses en el Cors\u00f3dromo Municipal\u00a0"},"content":{"rendered":"\n<p>Ser\u00e1 el viernes 6 de junio con la participaci\u00f3n de productores locales y camiones del Ministerio de Desarrollo Agrario bonaerense.&nbsp;<\/p>\n\n\n\n<hr class=\"wp-block-separator aligncenter has-alpha-channel-opacity\"\/>\n\n\n\n<p>El pr\u00f3ximo<strong> viernes 6 de junio<\/strong> se llevar\u00e1 a cabo una <strong>nueva edici\u00f3n del programa \u201cMercados Bonaerenses\u201d<\/strong>. Se solicita a la comunidad<strong> llevar bolsa.<\/strong><\/p>\n\n\n\n<p><\/p>\n\n\n\n<p>La feria se desarrollar\u00e1 de<strong> 9 a 15 horas, en la zona del Cors\u00f3dromo Municipal \u201cGabriel Antoni<\/strong>o\u201d,<strong> en la ex estaci\u00f3n de ferrocarril El Provincial,<\/strong> con la finalidad de que todos los vecinos y vecinas de la ciudad puedan acceder.<\/p>\n\n\n\n<p><\/p>\n\n\n\n<blockquote class=\"wp-block-quote is-layout-flow wp-block-quote-is-layout-flow\">\n<p>Contar\u00e1 con la participaci\u00f3n de productores locales entre los cuales se podr\u00e1n encontrar elaboraciones como: panificados dulces y salados, bebidas, plantas y plantines, miel, productos sin TAC, frutas y verduras, alfajores.<\/p>\n<\/blockquote>\n\n\n\n<p><\/p>\n\n\n\n<p>Adem\u00e1s, participar\u00e1n de la feria los <strong>camiones del Ministerio de Desarrollo Agrario bonaerense<\/strong>, que dispondr\u00e1n<strong> productos l\u00e1cteos, pastas y pescados, <\/strong>estos \u00faltimos dos rubros<strong> 40% de descuento con Cuenta DNI<\/strong> (tope de reintegro $4000).<\/p>\n\n\n\n<p><\/p>\n\n\n\n<p>El Programa \u201cMercados Bonaerenses\u201d es impulsado desde el Ministerio de Desarrollo Agrario de la Provincia de Buenos Aires y<strong> promociona la producci\u00f3n y el consumo de Alimentos Bonaerenses <\/strong>acercando a productores, productoras, consumidores y consumidoras a trav\u00e9s de una <strong>red de ferias y mercados en toda la provincia de Buenos Aires.<\/strong><\/p>\n\n\n\n<p><\/p>\n\n\n\n<p>Asimismo tiene por objetivo<strong> fortalecer y asistir experiencias de producci\u00f3n, comercializaci\u00f3n y abastecimiento local de agroalimentos, <\/strong>que se desarrollen en el \u00e1mbito de la provincia de Buenos Aires y  fomentar la producci\u00f3n y el consumo de \u201cAlimentos Bonaerenses\u201d a trav\u00e9s de la asistencia, formalizaci\u00f3n y capacitaci\u00f3n a productores, comercializadores y municipios, para crear, ampliar y fortalecer mercados y ferias de alimentos fijas o itinerantes.<\/p>\n\n\n\n<p><\/p>\n\n\n\n<p><\/p>\n","protected":false},"excerpt":{"rendered":"<p>Ser\u00e1 el viernes 6 de junio con la participaci\u00f3n de productores locales y camiones del Ministerio de Desarrollo Agrario bonaerense.&nbsp;<\/p>\n","protected":false},"author":6,"featured_media":134871,"comment_status":"closed","ping_status":"closed","sticky":false,"template":"","format":"standard","meta":{"_jetpack_memberships_contains_paid_content":false,"footnotes":""},"categories":[5,1],"tags":[],"class_list":["post-172825","post","type-post","status-publish","format-standard","has-post-thumbnail","hentry","category-informacion-general","category-portada"],"jetpack_featured_media_url":"https:\/\/i0.wp.com\/cdnoticias.com\/wp-content\/uploads\/2025\/01\/mercados-bonaerenses-enero-2025-6.jpg?fit=1072%2C596&ssl=1","jetpack_sharing_enabled":true,"_links":{"self":[{"href":"https:\/\/cdnoticias.com\/index.php\/wp-json\/wp\/v2\/posts\/172825","targetHints":{"allow":["GET"]}}],"collection":[{"href":"https:\/\/cdnoticias.com\/index.php\/wp-json\/wp\/v2\/posts"}],"about":[{"href":"https:\/\/cdnoticias.com\/index.php\/wp-json\/wp\/v2\/types\/post"}],"author":[{"embeddable":true,"href":"https:\/\/cdnoticias.com\/index.php\/wp-json\/wp\/v2\/users\/6"}],"replies":[{"embeddable":true,"href":"https:\/\/cdnoticias.com\/index.php\/wp-json\/wp\/v2\/comments?post=172825"}],"version-history":[{"count":0,"href":"https:\/\/cdnoticias.com\/index.php\/wp-json\/wp\/v2\/posts\/172825\/revisions"}],"wp:featuredmedia":[{"embeddable":true,"href":"https:\/\/cdnoticias.com\/index.php\/wp-json\/wp\/v2\/media\/134871"}],"wp:attachment":[{"href":"https:\/\/cdnoticias.com\/index.php\/wp-json\/wp\/v2\/media?parent=172825"}],"wp:term":[{"taxonomy":"category","embeddable":true,"href":"https:\/\/cdnoticias.com\/index.php\/wp-json\/wp\/v2\/categories?post=172825"},{"taxonomy":"post_tag","embeddable":true,"href":"https:\/\/cdnoticias.com\/index.php\/wp-json\/wp\/v2\/tags?post=172825"}],"curies":[{"name":"wp","href":"https:\/\/api.w.org\/{rel}","templated":true}]}}