{"id":172822,"date":"2025-06-06T16:09:40","date_gmt":"2025-06-06T19:09:40","guid":{"rendered":"https:\/\/cdnoticias.com\/?p=172822"},"modified":"2025-06-06T16:09:42","modified_gmt":"2025-06-06T19:09:42","slug":"cine-argentino-en-el-museo-hogar-municipal-de-loma-negra","status":"publish","type":"post","link":"https:\/\/cdnoticias.com\/index.php\/2025\/06\/06\/cine-argentino-en-el-museo-hogar-municipal-de-loma-negra\/","title":{"rendered":"Cine argentino en el Museo Hogar Municipal de Loma Negra"},"content":{"rendered":"\n<p>El cronograma contin\u00faa el pr\u00f3ximo domingo 8 de junio con la proyecci\u00f3n de \u201cInseparables\u201d, interpretada por Oscar Martinez y Rodrigo de la Serna.<\/p>\n\n\n\n<hr class=\"wp-block-separator aligncenter has-alpha-channel-opacity\"\/>\n\n\n\n<p>Desde la <strong>Direcci\u00f3n de Patrimonio Cultural <\/strong>del Municipio de Olavarr\u00eda invitan a participar de la propuesta que se lleva a cabo en el<strong> Museo Hogar Municipal de Loma Negra.<\/strong><\/p>\n\n\n\n<p><\/p>\n\n\n\n<p>Consiste en la continuaci\u00f3n del <strong>\u201cCiclo de cine argentino\u201d <\/strong>con proyecciones que se realizar\u00e1n durante los d\u00edas<strong> 8 y 28 de junio, con entrada libre y gratuita.<\/strong><\/p>\n\n\n\n<p><\/p>\n\n\n\n<p><strong>A continuaci\u00f3n, se detalla el cronograma de las pr\u00f3ximas proyecciones:<\/strong><\/p>\n\n\n\n<p><\/p>\n\n\n\n<ul class=\"wp-block-list\">\n<li><strong>Domingo 8 de junio<\/strong><\/li>\n<\/ul>\n\n\n\n<p>16 horas. \u201cInseparables\u201d con Oscar Mart\u00ednez y Rodrigo de la Serna.<\/p>\n\n\n\n<ul class=\"wp-block-list\">\n<li><strong>S\u00e1bado 28 de junio<\/strong><\/li>\n<\/ul>\n\n\n\n<p>16 horas \u201cTiempo de valientes\u201d con Diego Peretti y Luis Luque.<\/p>\n","protected":false},"excerpt":{"rendered":"<p>El cronograma contin\u00faa el pr\u00f3ximo domingo 8 de junio con la proyecci\u00f3n de \u201cInseparables\u201d, interpretada por Oscar Martinez y Rodrigo<\/p>\n","protected":false},"author":6,"featured_media":172824,"comment_status":"closed","ping_status":"closed","sticky":false,"template":"","format":"standard","meta":{"_jetpack_memberships_contains_paid_content":false,"footnotes":""},"categories":[9,1],"tags":[],"class_list":["post-172822","post","type-post","status-publish","format-standard","has-post-thumbnail","hentry","category-cultura","category-portada"],"jetpack_featured_media_url":"https:\/\/i0.wp.com\/cdnoticias.com\/wp-content\/uploads\/2025\/05\/inseperables-proyeccion-cine.argentino.png?fit=893%2C393&ssl=1","jetpack_sharing_enabled":true,"_links":{"self":[{"href":"https:\/\/cdnoticias.com\/index.php\/wp-json\/wp\/v2\/posts\/172822","targetHints":{"allow":["GET"]}}],"collection":[{"href":"https:\/\/cdnoticias.com\/index.php\/wp-json\/wp\/v2\/posts"}],"about":[{"href":"https:\/\/cdnoticias.com\/index.php\/wp-json\/wp\/v2\/types\/post"}],"author":[{"embeddable":true,"href":"https:\/\/cdnoticias.com\/index.php\/wp-json\/wp\/v2\/users\/6"}],"replies":[{"embeddable":true,"href":"https:\/\/cdnoticias.com\/index.php\/wp-json\/wp\/v2\/comments?post=172822"}],"version-history":[{"count":0,"href":"https:\/\/cdnoticias.com\/index.php\/wp-json\/wp\/v2\/posts\/172822\/revisions"}],"wp:featuredmedia":[{"embeddable":true,"href":"https:\/\/cdnoticias.com\/index.php\/wp-json\/wp\/v2\/media\/172824"}],"wp:attachment":[{"href":"https:\/\/cdnoticias.com\/index.php\/wp-json\/wp\/v2\/media?parent=172822"}],"wp:term":[{"taxonomy":"category","embeddable":true,"href":"https:\/\/cdnoticias.com\/index.php\/wp-json\/wp\/v2\/categories?post=172822"},{"taxonomy":"post_tag","embeddable":true,"href":"https:\/\/cdnoticias.com\/index.php\/wp-json\/wp\/v2\/tags?post=172822"}],"curies":[{"name":"wp","href":"https:\/\/api.w.org\/{rel}","templated":true}]}}