{"id":172820,"date":"2025-06-02T16:08:55","date_gmt":"2025-06-02T19:08:55","guid":{"rendered":"https:\/\/cdnoticias.com\/?p=172820"},"modified":"2025-06-02T16:08:57","modified_gmt":"2025-06-02T19:08:57","slug":"muestra-documental-3j-10-anos-de-ni-una-menos","status":"publish","type":"post","link":"https:\/\/cdnoticias.com\/index.php\/2025\/06\/02\/muestra-documental-3j-10-anos-de-ni-una-menos\/","title":{"rendered":"Muestra documental \u201c3J \u2013 10 a\u00f1os de Ni Una Menos\u201d"},"content":{"rendered":"\n<p>Ser\u00e1 el martes 3 de junio a las 17 horas en el Sal\u00f3n Rivadavia. Las obras presentadas fueron tomadas en sitios del partido de Olavarr\u00eda, durante las movilizaciones realizadas, desde hace 10 a\u00f1os, cada 3 de junio en el marco de la conmemoraci\u00f3n del \u201cNi Una Menos\u201d.<\/p>\n\n\n\n<hr class=\"wp-block-separator aligncenter has-alpha-channel-opacity\"\/>\n\n\n\n<p>La <strong>muestra documental \u201c3J \u2013 10 a\u00f1os de Ni Una Menos<\/strong>\u201d es el resultado de las<strong> im\u00e1genes tomadas por profesionales de la fotograf\u00eda y aficionados y aficionadas,<\/strong> que participaron de la convocatoria realizada desde la Direcci\u00f3n de Mujeres, G\u00e9neros y Diversidad, junto a la Subsecretar\u00eda de Cultura y la Subsecretar\u00eda de Comunicaci\u00f3n del Municipio de Olavarr\u00eda.<\/p>\n\n\n\n<p><\/p>\n\n\n\n<p>La propuesta se vincula con los<strong> diez a\u00f1os de esa hist\u00f3rica marcha, <\/strong>que impuls\u00f3 el dise\u00f1o y la aplicaci\u00f3n de una serie de acciones institucionales que mejoraron los abordajes de las violencias por razones de g\u00e9nero en Olavarr\u00eda, y que tuvo como objetivo realizar un ejercicio de activaci\u00f3n de memoria, mediante una muestra de fotos que <strong>recorra las diez marchas \u201cNi Una Menos\u201d que se hicieron en Olavarr\u00eda.<\/strong><\/p>\n\n\n\n<p><\/p>\n\n\n\n<blockquote class=\"wp-block-quote is-layout-flow wp-block-quote-is-layout-flow\">\n<p>La presentaci\u00f3n de \u201c3J \u2013 10 a\u00f1os de Ni Una Menos\u201d ser\u00e1 el 3 de junio a las 17 horas en el Sal\u00f3n Rivadavia y los profesionales que participar\u00e1n con sus fotograf\u00edas son: Ail\u00e9n Su\u00e1rez, Jorge Arabito, Ximena (Pime) Peralta, Tefa Schegtel Torres, Loana Desanto, Carolina Acquarone y Dante Lartirigoyen.<\/p>\n<\/blockquote>\n\n\n\n<p><\/p>\n\n\n\n<p>Las obras presentadas <strong>fueron tomadas en sitios del partido de Olavarr\u00eda, <\/strong>durante las <strong>movilizaciones realizadas, desde hace 10 a\u00f1os, cada 3 de junio<\/strong> en el marco de la <strong>conmemoraci\u00f3n del \u201cNi Una Menos\u201d.<\/strong><\/p>\n\n\n\n<p><\/p>\n\n\n\n<p>El jurado estuvo conformado por 1 integrante de la Direcci\u00f3n de Mujeres, G\u00e9nero y Diversidad, 1 integrante de la Subsecretar\u00eda de Cultura y 1 integrante de la Subsecretar\u00eda de Comunicaci\u00f3n. <strong>La entrada es libre y gratuita para toda la comunidad. <\/strong><\/p>\n\n\n\n<p><\/p>\n\n\n\n<p><\/p>\n\n\n\n<p><\/p>\n","protected":false},"excerpt":{"rendered":"<p>Ser\u00e1 el martes 3 de junio a las 17 horas en el Sal\u00f3n Rivadavia. Las obras presentadas fueron tomadas en<\/p>\n","protected":false},"author":6,"featured_media":94686,"comment_status":"closed","ping_status":"closed","sticky":false,"template":"","format":"standard","meta":{"_jetpack_memberships_contains_paid_content":false,"footnotes":""},"categories":[3,1],"tags":[],"class_list":["post-172820","post","type-post","status-publish","format-standard","has-post-thumbnail","hentry","category-genero","category-portada"],"jetpack_featured_media_url":"https:\/\/i0.wp.com\/cdnoticias.com\/wp-content\/uploads\/2023\/08\/niunamenos.jpg?fit=1192%2C670&ssl=1","jetpack_sharing_enabled":true,"_links":{"self":[{"href":"https:\/\/cdnoticias.com\/index.php\/wp-json\/wp\/v2\/posts\/172820","targetHints":{"allow":["GET"]}}],"collection":[{"href":"https:\/\/cdnoticias.com\/index.php\/wp-json\/wp\/v2\/posts"}],"about":[{"href":"https:\/\/cdnoticias.com\/index.php\/wp-json\/wp\/v2\/types\/post"}],"author":[{"embeddable":true,"href":"https:\/\/cdnoticias.com\/index.php\/wp-json\/wp\/v2\/users\/6"}],"replies":[{"embeddable":true,"href":"https:\/\/cdnoticias.com\/index.php\/wp-json\/wp\/v2\/comments?post=172820"}],"version-history":[{"count":0,"href":"https:\/\/cdnoticias.com\/index.php\/wp-json\/wp\/v2\/posts\/172820\/revisions"}],"wp:featuredmedia":[{"embeddable":true,"href":"https:\/\/cdnoticias.com\/index.php\/wp-json\/wp\/v2\/media\/94686"}],"wp:attachment":[{"href":"https:\/\/cdnoticias.com\/index.php\/wp-json\/wp\/v2\/media?parent=172820"}],"wp:term":[{"taxonomy":"category","embeddable":true,"href":"https:\/\/cdnoticias.com\/index.php\/wp-json\/wp\/v2\/categories?post=172820"},{"taxonomy":"post_tag","embeddable":true,"href":"https:\/\/cdnoticias.com\/index.php\/wp-json\/wp\/v2\/tags?post=172820"}],"curies":[{"name":"wp","href":"https:\/\/api.w.org\/{rel}","templated":true}]}}