{"id":172768,"date":"2025-05-30T19:07:13","date_gmt":"2025-05-30T22:07:13","guid":{"rendered":"https:\/\/cdnoticias.com\/?p=172768"},"modified":"2025-05-31T09:31:46","modified_gmt":"2025-05-31T12:31:46","slug":"abigeatos-imputaron-a-tres-hombres-luego-de-encontrar-siete-kilos-de-carne-en-allanamientos","status":"publish","type":"post","link":"https:\/\/cdnoticias.com\/index.php\/2025\/05\/30\/abigeatos-imputaron-a-tres-hombres-luego-de-encontrar-siete-kilos-de-carne-en-allanamientos\/","title":{"rendered":"Abigeatos: imputaron a tres hombres luego de encontrar siete kilos de carne en allanamientos"},"content":{"rendered":"\n<p>Fueron en tres procedimientos en Calle 10, Corrientes al 400 y Leloir al 400. Adem\u00e1s, secuestraron sierra trozadora, chairas, cuchillos y celulares.<\/p>\n\n\n\n<hr class=\"wp-block-separator aligncenter has-alpha-channel-opacity\"\/>\n\n\n\n<p>Tres hombres fueron notificados en el marco de una <strong>causa por abigeato, tras una serie de allanamientos ordenados por el Juzgado de Garant\u00edas N\u00b0 1 de Olavarr\u00eda, a cargo de la Dra. Fabiana San Rom\u00e1n.<\/strong><\/p>\n\n\n\n<p><strong>Los procedimientos se llevaron a cabo en tres domicilios: en la zona de Corrientes y calle 10, en Corrientes al 400 y en Leloir al 400.<\/strong> Los operativos fueron realizados por personal de la Comisar\u00eda Segunda con colaboraci\u00f3n de efectivos de la Comisar\u00eda de la Mujer y la Familia, el Comando de Patrullas, la Subcomisar\u00eda de Loma Negra y la U.P.P.L. XIX Olavarr\u00eda.<\/p>\n\n\n\n<p><strong>En uno de los domicilios se incautaron dos equipos celulares. En otro se secuestraron siete kilos de carne vacuna, un arco de sierra trozadora, dos chairas, cinco cuchillas con restos c\u00e1rnicos y un equipo celular. El tercer objetivo arroj\u00f3 resultado negativo.<\/strong><\/p>\n\n\n\n<p><strong>A los tres hombres, de 35, 27 y 26 a\u00f1os, se les notific\u00f3 la formaci\u00f3n de la causa en su contra bajo la car\u00e1tula de \u201cabigeato\u201d,<\/strong> con intervenci\u00f3n de la Ayudant\u00eda Fiscal de Delitos Rurales Conexos de Olavarr\u00eda, a cargo del Dr. Juan Manero. El proceso continuar\u00e1 con los acusados en libertad seg\u00fan lo establecido por el art\u00edculo 161 del C\u00f3digo Procesal Penal.<\/p>\n","protected":false},"excerpt":{"rendered":"<p>Fueron en tres procedimientos en Calle 10, Corrientes al 400 y Leloir al 400. Adem\u00e1s, secuestraron sierra trozadora, chairas, cuchillos<\/p>\n","protected":false},"author":2,"featured_media":172769,"comment_status":"closed","ping_status":"closed","sticky":false,"template":"","format":"standard","meta":{"_jetpack_memberships_contains_paid_content":false,"footnotes":""},"categories":[14,1],"tags":[],"class_list":["post-172768","post","type-post","status-publish","format-standard","has-post-thumbnail","hentry","category-policiales","category-portada"],"jetpack_featured_media_url":"https:\/\/i0.wp.com\/cdnoticias.com\/wp-content\/uploads\/2025\/05\/abigeato.jpg?fit=1600%2C890&ssl=1","jetpack_sharing_enabled":true,"_links":{"self":[{"href":"https:\/\/cdnoticias.com\/index.php\/wp-json\/wp\/v2\/posts\/172768","targetHints":{"allow":["GET"]}}],"collection":[{"href":"https:\/\/cdnoticias.com\/index.php\/wp-json\/wp\/v2\/posts"}],"about":[{"href":"https:\/\/cdnoticias.com\/index.php\/wp-json\/wp\/v2\/types\/post"}],"author":[{"embeddable":true,"href":"https:\/\/cdnoticias.com\/index.php\/wp-json\/wp\/v2\/users\/2"}],"replies":[{"embeddable":true,"href":"https:\/\/cdnoticias.com\/index.php\/wp-json\/wp\/v2\/comments?post=172768"}],"version-history":[{"count":0,"href":"https:\/\/cdnoticias.com\/index.php\/wp-json\/wp\/v2\/posts\/172768\/revisions"}],"wp:featuredmedia":[{"embeddable":true,"href":"https:\/\/cdnoticias.com\/index.php\/wp-json\/wp\/v2\/media\/172769"}],"wp:attachment":[{"href":"https:\/\/cdnoticias.com\/index.php\/wp-json\/wp\/v2\/media?parent=172768"}],"wp:term":[{"taxonomy":"category","embeddable":true,"href":"https:\/\/cdnoticias.com\/index.php\/wp-json\/wp\/v2\/categories?post=172768"},{"taxonomy":"post_tag","embeddable":true,"href":"https:\/\/cdnoticias.com\/index.php\/wp-json\/wp\/v2\/tags?post=172768"}],"curies":[{"name":"wp","href":"https:\/\/api.w.org\/{rel}","templated":true}]}}