{"id":172744,"date":"2025-05-30T18:30:10","date_gmt":"2025-05-30T21:30:10","guid":{"rendered":"https:\/\/cdnoticias.com\/?p=172744"},"modified":"2025-05-30T18:30:19","modified_gmt":"2025-05-30T21:30:19","slug":"emergencia-agropecuaria-endere-destaco-la-medida-del-gobierno-provincial-y-exigio-celeridad-en-su-aplicacion","status":"publish","type":"post","link":"https:\/\/cdnoticias.com\/index.php\/2025\/05\/30\/emergencia-agropecuaria-endere-destaco-la-medida-del-gobierno-provincial-y-exigio-celeridad-en-su-aplicacion\/","title":{"rendered":"Emergencia Agropecuaria: Endere destac\u00f3 la medida del Gobierno Provincial y exigi\u00f3 celeridad en su aplicaci\u00f3n"},"content":{"rendered":"<p>\u201cCreemos que es una medida correcta la que tom\u00f3 el Ejecutivo, pero tarde\u201d dijo el legislador bonaerense.<!--more--><\/p>\n<hr \/>\n<p>D\u00edas pasados, <strong>el Ministerio de Desarrollo Agrario de la provincia de Buenos Aires<\/strong> comunic\u00f3 la decisi\u00f3n de dictar la <strong>emergencia agropecuaria para numerosos distritos<\/strong> a ra\u00edz de las lluvias al tiempo que <a href=\"https:\/\/cdnoticias.com\/index.php\/2025\/05\/27\/caminos-rurales-la-provincia-destinara-2-000-millones-de-pesos-adicionales\/\">anunci\u00f3 una inversi\u00f3n adicional en obras para caminos rurales<\/a>. En ese marco, <strong>el olavarriense Mart\u00edn Endere destac\u00f3 la medida del Gobierno Provincial y exigi\u00f3 celeridad en su aplicaci\u00f3n<\/strong>.<\/p>\n<p><strong>\u201cDos meses despu\u00e9s del pedido de emergencia agropecuaria<\/strong> que hicimos en la C\u00e1mara de Diputados, finalmente el gobernador Axel Kicillof firm\u00f3 el decreto para brindar asistencia a productores afectados por las lluvias de marzo\u201d dijo el diputado provincial Mart\u00edn Endere.<\/p>\n<blockquote><p>\u201cCreemos que es una medida correcta la que tom\u00f3 el Ejecutivo, pero tarde. Los productores no pueden depender de la burocracia que atraviesa el gobierno provincial\u201d, agreg\u00f3 el legislador.<\/p><\/blockquote>\n<p>Vale recordar que <a href=\"https:\/\/cdnoticias.com\/index.php\/2025\/03\/26\/endere-solicito-declarar-la-emergencia-agropecuaria-en-distritos-del-centro-bonaerense\/\" target=\"_blank\" rel=\"noopener\">Mart\u00edn Endere present\u00f3, hace dos meses, una solicitud de emergencia agropecuaria<\/a> para los municipios de Bol\u00edvar, Azul, General Alvear, Olavarr\u00eda, Tapalqu\u00e9 y Azul tras las intensas lluvias que sufri\u00f3 esta regi\u00f3n los primeros d\u00edas de marzo.<\/p>\n<p>\u201cAunque el decreto no incluy\u00f3 a todos los partidos, <strong>es una buena se\u00f1al que el Gobernador haya escuchado los reclamos<\/strong> que se hacen desde la C\u00e1mara de Diputados, que es el lugar donde est\u00e1n representados todos los vecinos del interior bonaerense\u201d, explic\u00f3 Endere.<\/p>\n<p>Adem\u00e1s, el Diputado olavarriense dijo: <strong>\u201cnecesitamos de un gobierno provincial m\u00e1s activo<\/strong>, m\u00e1s cerca de las necesidades de los bonaerenses y, sobre todo, un Estado m\u00e1s \u00e1gil, sin tanta burocracia\u201d.<\/p>\n<p>En ese sentido solicit\u00f3 que \u201ctanto ARBA como el Banco de la Provincia de Buenos Aires demuestren la pro actividad necesaria para asistir a los productores de nuestro interior bonaerense que se encuentran gravemente afectados por la situaci\u00f3n\u201d.<\/p>\n","protected":false},"excerpt":{"rendered":"<p>\u201cCreemos que es una medida correcta la que tom\u00f3 el Ejecutivo, pero tarde\u201d dijo el legislador bonaerense.<\/p>\n","protected":false},"author":4,"featured_media":171520,"comment_status":"closed","ping_status":"closed","sticky":false,"template":"","format":"standard","meta":{"_jetpack_memberships_contains_paid_content":false,"footnotes":""},"categories":[4,1],"tags":[],"class_list":["post-172744","post","type-post","status-publish","format-standard","has-post-thumbnail","hentry","category-politica","category-portada"],"jetpack_featured_media_url":"https:\/\/i0.wp.com\/cdnoticias.com\/wp-content\/uploads\/2025\/05\/endere-martin.png?fit=800%2C445&ssl=1","jetpack_sharing_enabled":true,"_links":{"self":[{"href":"https:\/\/cdnoticias.com\/index.php\/wp-json\/wp\/v2\/posts\/172744","targetHints":{"allow":["GET"]}}],"collection":[{"href":"https:\/\/cdnoticias.com\/index.php\/wp-json\/wp\/v2\/posts"}],"about":[{"href":"https:\/\/cdnoticias.com\/index.php\/wp-json\/wp\/v2\/types\/post"}],"author":[{"embeddable":true,"href":"https:\/\/cdnoticias.com\/index.php\/wp-json\/wp\/v2\/users\/4"}],"replies":[{"embeddable":true,"href":"https:\/\/cdnoticias.com\/index.php\/wp-json\/wp\/v2\/comments?post=172744"}],"version-history":[{"count":0,"href":"https:\/\/cdnoticias.com\/index.php\/wp-json\/wp\/v2\/posts\/172744\/revisions"}],"wp:featuredmedia":[{"embeddable":true,"href":"https:\/\/cdnoticias.com\/index.php\/wp-json\/wp\/v2\/media\/171520"}],"wp:attachment":[{"href":"https:\/\/cdnoticias.com\/index.php\/wp-json\/wp\/v2\/media?parent=172744"}],"wp:term":[{"taxonomy":"category","embeddable":true,"href":"https:\/\/cdnoticias.com\/index.php\/wp-json\/wp\/v2\/categories?post=172744"},{"taxonomy":"post_tag","embeddable":true,"href":"https:\/\/cdnoticias.com\/index.php\/wp-json\/wp\/v2\/tags?post=172744"}],"curies":[{"name":"wp","href":"https:\/\/api.w.org\/{rel}","templated":true}]}}