{"id":172673,"date":"2025-05-29T13:03:17","date_gmt":"2025-05-29T16:03:17","guid":{"rendered":"https:\/\/cdnoticias.com\/?p=172673"},"modified":"2025-05-29T16:37:27","modified_gmt":"2025-05-29T19:37:27","slug":"este-viernes-sierra-chica-celebra-el-170-aniversario-de-su-fundacion","status":"publish","type":"post","link":"https:\/\/cdnoticias.com\/index.php\/2025\/05\/29\/este-viernes-sierra-chica-celebra-el-170-aniversario-de-su-fundacion\/","title":{"rendered":"Este viernes Sierra Chica celebra el 170\u00b0 Aniversario de su fundaci\u00f3n"},"content":{"rendered":"\n<p>Ser\u00e1 en el club de la localidad con acto protocolar y una gran pe\u00f1a. Las entradas se deber\u00e1n retirar por la Delegaci\u00f3n Municipal.<\/p>\n\n\n\n<hr class=\"wp-block-separator has-alpha-channel-opacity\"\/>\n\n\n\n<p>La <strong>localidad de Sierra Chica celebrar\u00e1 su 170\u00b0 aniversario<\/strong> por lo que desde el Municipio se invit\u00f3 a participar de los festejos, extendido no solo a la comunidad de dicha localidad, sino de todo el Partido.<\/p>\n\n\n\n<p><\/p>\n\n\n\n<p>El evento se desarrollar\u00e1 de manera \u00edntegra en la <strong>sede social del club Sierra Chica,<\/strong> con ubicaci\u00f3n en avenida Legorburu 1732, y se iniciar\u00e1 <strong>a partir de las 19 horas con el acto protocolar<\/strong>, que incluir\u00e1 una entrega de reconocimientos y tambi\u00e9n la proyecci\u00f3n de un video conmemorativo.<\/p>\n\n\n\n<p><\/p>\n\n\n\n<blockquote class=\"wp-block-quote is-layout-flow wp-block-quote-is-layout-flow\">\n<p>La programaci\u00f3n de los 170 a\u00f1os de la fundaci\u00f3n de la localidad continuar\u00e1 con una Pe\u00f1a que contar\u00e1 con las presentaciones de Gustavo Corvi, el Grupo de Danza Herencia Serrana, \u201cHerederos\u201d y \u201cLos Kumbieros\u201d. Adem\u00e1s, entre las dos \u00faltimas presentaciones se realizar\u00e1 el tradicional corte de torta.<\/p>\n<\/blockquote>\n\n\n\n<p><\/p>\n\n\n\n<p>Las personas interesadas en concurrir <strong>deber\u00e1n retirar las entradas previamente en la sede de la Delegaci\u00f3n Municipal de Sierra Chica.<\/strong> Podr\u00e1n hacerlo en el horario de 8 a 13 horas y <strong>se entregar\u00e1 un m\u00e1ximo de dos entradas por persona.<\/strong><\/p>\n\n\n\n<p><\/p>\n\n\n\n<p>Se recuerda, por \u00faltimo, que <strong>el 30 de mayo de 1855 fue establecido como fecha fundacional de la localidad a partir Ordenanza N\u00ba 5362\/24<\/strong>, la cual fue impulsada por la Mesa de Gesti\u00f3n Educativa de Sierra Chica y fue aprobada por unanimidad por el Concejo Deliberante.<\/p>\n\n\n\n<p><\/p>\n\n\n\n<p><strong>Rese\u00f1a hist\u00f3rica<\/strong><\/p>\n\n\n\n<p><\/p>\n\n\n\n<p>La fundaci\u00f3n de Sierra Chica, se remonta a principios del siglo XIX, est\u00e1 vinculada principalmente al asentamiento en este lugar de las tolder\u00edas pertenecientes a los indios Catriel.<\/p>\n\n\n\n<p><\/p>\n\n\n\n<p>El<strong> 30 de mayo de 1855, en el combate del ej\u00e9rcito contra las tolder\u00edas de las comunidades originarias<\/strong> reconocidas como el grupo de los Lonkos Catriel y Cachul y los posteriores sucesos del mismo, dieron inicio a la incorporaci\u00f3n de poblaci\u00f3n inmigrante eurocriolla y europea, que interactu\u00f3 con las comunidades originarias con una l\u00f3gica distinta de dar origen a la industria minera de la localidad, para la construcci\u00f3n de lo que luego fuera la Unidad Penitenciaria.<\/p>\n\n\n\n<p><\/p>\n\n\n\n<p>Las instituciones educativas de la localidad que conforman la <strong>mesa de gesti\u00f3n educativa realizaron un trabajo por una identidad de los inicios, denominado \u201cDe Pichi Mawida a Sierra Chica\u201d,<\/strong> buscando encontrar los antecedentes hist\u00f3ricos y determinar una fecha de fundaci\u00f3n.<\/p>\n\n\n\n<p><\/p>\n\n\n\n<p>Ese trabajo lleg\u00f3 al Honorable Concejo Deliberante, donde se estableci\u00f3 por<strong> Ordenanza N\u00ba 5362\/24<\/strong> la fecha fundacional del 30 de mayo 1855.<\/p>\n","protected":false},"excerpt":{"rendered":"<p>Ser\u00e1 en el club de la localidad con acto protocolar y una gran pe\u00f1a. Las entradas se deber\u00e1n retirar por<\/p>\n","protected":false},"author":5,"featured_media":172674,"comment_status":"closed","ping_status":"closed","sticky":false,"template":"","format":"standard","meta":{"_jetpack_memberships_contains_paid_content":false,"footnotes":""},"categories":[9,1],"tags":[],"class_list":["post-172673","post","type-post","status-publish","format-standard","has-post-thumbnail","hentry","category-cultura","category-portada"],"jetpack_featured_media_url":"https:\/\/i0.wp.com\/cdnoticias.com\/wp-content\/uploads\/2025\/05\/sierra-chica.png?fit=800%2C445&ssl=1","jetpack_sharing_enabled":true,"_links":{"self":[{"href":"https:\/\/cdnoticias.com\/index.php\/wp-json\/wp\/v2\/posts\/172673","targetHints":{"allow":["GET"]}}],"collection":[{"href":"https:\/\/cdnoticias.com\/index.php\/wp-json\/wp\/v2\/posts"}],"about":[{"href":"https:\/\/cdnoticias.com\/index.php\/wp-json\/wp\/v2\/types\/post"}],"author":[{"embeddable":true,"href":"https:\/\/cdnoticias.com\/index.php\/wp-json\/wp\/v2\/users\/5"}],"replies":[{"embeddable":true,"href":"https:\/\/cdnoticias.com\/index.php\/wp-json\/wp\/v2\/comments?post=172673"}],"version-history":[{"count":0,"href":"https:\/\/cdnoticias.com\/index.php\/wp-json\/wp\/v2\/posts\/172673\/revisions"}],"wp:featuredmedia":[{"embeddable":true,"href":"https:\/\/cdnoticias.com\/index.php\/wp-json\/wp\/v2\/media\/172674"}],"wp:attachment":[{"href":"https:\/\/cdnoticias.com\/index.php\/wp-json\/wp\/v2\/media?parent=172673"}],"wp:term":[{"taxonomy":"category","embeddable":true,"href":"https:\/\/cdnoticias.com\/index.php\/wp-json\/wp\/v2\/categories?post=172673"},{"taxonomy":"post_tag","embeddable":true,"href":"https:\/\/cdnoticias.com\/index.php\/wp-json\/wp\/v2\/tags?post=172673"}],"curies":[{"name":"wp","href":"https:\/\/api.w.org\/{rel}","templated":true}]}}