{"id":172667,"date":"2025-05-29T18:14:47","date_gmt":"2025-05-29T21:14:47","guid":{"rendered":"https:\/\/cdnoticias.com\/?p=172667"},"modified":"2025-05-29T18:14:50","modified_gmt":"2025-05-29T21:14:50","slug":"guillermo-moreno-llegara-a-25-de-mayo-para-un-encuentro-seccional","status":"publish","type":"post","link":"https:\/\/cdnoticias.com\/index.php\/2025\/05\/29\/guillermo-moreno-llegara-a-25-de-mayo-para-un-encuentro-seccional\/","title":{"rendered":"Guillermo Moreno llegar\u00e1 a 25 de Mayo para un encuentro seccional"},"content":{"rendered":"<p>El encuentro regional del espacio Principios y Valores ser\u00e1 el s\u00e1bado. Asistir\u00e1 una delegaci\u00f3n de Olavarr\u00eda con Alan Aguirre: \u201cque la pol\u00edtica recupere su sentir de ser, trabajar por y para el pueblo\u201d.<!--more--><\/p>\n<hr \/>\n<p><strong>Este s\u00e1bado 31 de mayo por la tarde<\/strong>, la ciudad bonaerense de <strong>25 de Mayo<\/strong> ser\u00e1 sede de un importante evento pol\u00edtico: la<strong> visita del dirigente justicialista Guillermo Moreno<\/strong>, quien encabezar\u00e1 un encuentro regional del <strong>espacio Principios y Valores<\/strong>, con referentes y militantes de toda la <strong>S\u00e9ptima Secci\u00f3n Electoral<\/strong>. En el marco de la jornada, <strong>se inaugurar\u00e1 la Unidad B\u00e1sica \u201cJos\u00e9 Ignacio Rucci\u201d<\/strong>, s\u00edmbolo del compromiso militante con la doctrina peronista.<\/p>\n<p>Moreno fue presentado como<em> \u201cexsecretario de Comercio Interior durante el gobierno de N\u00e9stor Kirchner y actual referente nacional del peronismo doctrinario<\/em>\u201d. Se destac\u00f3 que para la visita su mensaje apunta a <strong>\u201cla reconstrucci\u00f3n del movimiento nacional desde sus bases y en torno a un plan estrat\u00e9gico con eje en la producci\u00f3n y el trabajo\u201d<\/strong>.<\/p>\n<p>En declaraciones recientes, <strong>Moreno expres\u00f3 que \u201cla crisis que atraviesa la Argentina no se resuelve con ajustes ni con bur\u00f3cratas<\/strong>, sino con un modelo nacional, industrial, peronista. No hay destino para el pa\u00eds si no volvemos al trabajo, a la producci\u00f3n y al orden econ\u00f3mico con justicia social\u201d. Y agreg\u00f3: \u201cEl peronismo tiene que volver a ser gobierno con principios y valores, no con marketing y slogans vac\u00edos\u201d.<\/p>\n<p>La actividad en 25 de Mayo no ser\u00e1 un acto aislado. Forma parte de una serie de<strong> recorridas que el dirigente viene realizando por todo el pa\u00eds<\/strong>, \u201cconvocando a los compa\u00f1eros y compa\u00f1eras a <strong>recuperar el Movimiento Peronista y construir la unidad detr\u00e1s de un plan<\/strong>, no de un proyecto personal\u201d.<\/p>\n<p>El encuentro ser\u00e1 <strong>abierto a todo el p\u00fablico<\/strong> y se espera la <strong>participaci\u00f3n de delegaciones<\/strong> de los distintos distritos de la S\u00e9ptima Secci\u00f3n, incluyendo <strong>Olavarr\u00eda<\/strong>, Azul, Saladillo, Bol\u00edvar, Roque P\u00e9rez, Tapalqu\u00e9, Alvear y 25 de Mayo.<\/p>\n<blockquote><p>Alan Aguirre, referente seccional de Principios y Valores, destac\u00f3 la importancia del evento: \u201cNos venimos organizando a pulm\u00f3n, con esfuerzo militante, para recuperar el debate dentro del peronismo. Durante a\u00f1os se fragment\u00f3 nuestro movimiento, se apag\u00f3 la discusi\u00f3n doctrinaria. Hoy proponemos un camino de unidad real, desde abajo hacia arriba, para que la pol\u00edtica recupere su sentir de ser, trabajar por y para el pueblo\u201d.<\/p><\/blockquote>\n<p>Durante la jornada tambi\u00e9n <strong>se presentar\u00e1 oficialmente la precandidatura de Mart\u00edn Feola, quien representar\u00e1 al espacio en la ciudad de 25 de Mayo<\/strong>, como parte de la renovaci\u00f3n pol\u00edtica que impulsa Principios y Valores.<\/p>\n<p>La <strong>Unidad B\u00e1sica \u201cJos\u00e9 Ignacio Rucci\u201d<\/strong>, que ser\u00e1 inaugurada en horas de la tarde, pretende convertirse en un &#8220;faro de militancia y formaci\u00f3n pol\u00edtica para los j\u00f3venes y trabajadores de la regi\u00f3n. <em>Recuperar el legado de Rucci es tambi\u00e9n defender la comunidad organizada, la justicia social y la lealtad al pueblo trabajador\u201d<\/em>, subrayaron los organizadores.<\/p>\n<p>La cita es el <strong>s\u00e1bado 31 de mayo a partir de las 16 horas<\/strong>, con actividades que se extender\u00e1n hasta la noche. El acto principal ser\u00e1 <em>acompa\u00f1ado por intervenciones de dirigentes locales, militantes de base y la palabra final de Guillermo Moreno<\/em>.<\/p>\n","protected":false},"excerpt":{"rendered":"<p>El encuentro regional del espacio Principios y Valores ser\u00e1 el s\u00e1bado. Asistir\u00e1 una delegaci\u00f3n de Olavarr\u00eda con Alan Aguirre: \u201cque<\/p>\n","protected":false},"author":2,"featured_media":172668,"comment_status":"closed","ping_status":"closed","sticky":false,"template":"","format":"standard","meta":{"_jetpack_memberships_contains_paid_content":false,"footnotes":""},"categories":[4,1],"tags":[],"class_list":["post-172667","post","type-post","status-publish","format-standard","has-post-thumbnail","hentry","category-politica","category-portada"],"jetpack_featured_media_url":"https:\/\/i0.wp.com\/cdnoticias.com\/wp-content\/uploads\/2025\/05\/guillermo-moreno-alan-aguirre-00.jpg?fit=1000%2C556&ssl=1","jetpack_sharing_enabled":true,"_links":{"self":[{"href":"https:\/\/cdnoticias.com\/index.php\/wp-json\/wp\/v2\/posts\/172667","targetHints":{"allow":["GET"]}}],"collection":[{"href":"https:\/\/cdnoticias.com\/index.php\/wp-json\/wp\/v2\/posts"}],"about":[{"href":"https:\/\/cdnoticias.com\/index.php\/wp-json\/wp\/v2\/types\/post"}],"author":[{"embeddable":true,"href":"https:\/\/cdnoticias.com\/index.php\/wp-json\/wp\/v2\/users\/2"}],"replies":[{"embeddable":true,"href":"https:\/\/cdnoticias.com\/index.php\/wp-json\/wp\/v2\/comments?post=172667"}],"version-history":[{"count":0,"href":"https:\/\/cdnoticias.com\/index.php\/wp-json\/wp\/v2\/posts\/172667\/revisions"}],"wp:featuredmedia":[{"embeddable":true,"href":"https:\/\/cdnoticias.com\/index.php\/wp-json\/wp\/v2\/media\/172668"}],"wp:attachment":[{"href":"https:\/\/cdnoticias.com\/index.php\/wp-json\/wp\/v2\/media?parent=172667"}],"wp:term":[{"taxonomy":"category","embeddable":true,"href":"https:\/\/cdnoticias.com\/index.php\/wp-json\/wp\/v2\/categories?post=172667"},{"taxonomy":"post_tag","embeddable":true,"href":"https:\/\/cdnoticias.com\/index.php\/wp-json\/wp\/v2\/tags?post=172667"}],"curies":[{"name":"wp","href":"https:\/\/api.w.org\/{rel}","templated":true}]}}