{"id":172660,"date":"2025-05-29T18:43:04","date_gmt":"2025-05-29T21:43:04","guid":{"rendered":"https:\/\/cdnoticias.com\/?p=172660"},"modified":"2025-05-29T18:43:07","modified_gmt":"2025-05-29T21:43:07","slug":"celebraciones-en-un-nuevo-aniversario-del-nacimiento-de-torcuato-tito-emiliozzi","status":"publish","type":"post","link":"https:\/\/cdnoticias.com\/index.php\/2025\/05\/29\/celebraciones-en-un-nuevo-aniversario-del-nacimiento-de-torcuato-tito-emiliozzi\/","title":{"rendered":"Celebraciones en un nuevo aniversario del nacimiento de Torcuato \u201cTito\u201d Emiliozzi"},"content":{"rendered":"\n<p>Se cumplen 113 a\u00f1os de su natalicio. El museo abrir\u00e1 la Galera de los hermanos Emiliozzi para observar su interior.<\/p>\n\n\n\n<hr class=\"wp-block-separator has-alpha-channel-opacity\"\/>\n\n\n\n<p>El <strong>30 de mayo de 1912<\/strong> nace en Buenos Aires, Torcuato \u201cTito\u201d Emiliozzi, uno de los gringos de Olavarr\u00eda.<\/p>\n\n\n\n<p><\/p>\n\n\n\n<p>En este marco de la celebraci\u00f3n de los 113 a\u00f1os de su natalicio, desde el <strong>Museo Municipal \u201cHermanos Emiliozzi\u201d<\/strong> se invit\u00f3 a visitar el museo <strong>este s\u00e1bado 31 de mayo, oportunidad en que la Galera (Patrimonio Hist\u00f3rico Cultural de Olavarr\u00eda) de los hermanos Emiliozzi, estar\u00e1 abierta para que puedan observar su interior.<\/strong><\/p>\n\n\n\n<p><\/p>\n\n\n\n<p><strong>A fines del a\u00f1o 1918 \u201cTito\u201d Emiliozzi se radic\u00f3 junto a su familia en la ciudad de Olavarr\u00eda <\/strong>y fue alumno de la Escuela N\u00ba 8 \u201cGral. Jos\u00e9 de San Mart\u00edn\u201d.<\/p>\n\n\n\n<p><\/p>\n\n\n\n<p>Creci\u00f3 junto a su hermano Dante, guiados ambos por su padre Torcuato, en un taller mec\u00e1nico que hizo historia: <strong>el taller de calle Necochea (hoy Museo Municipal de sitio)<\/strong>.<\/p>\n\n\n\n<p><\/p>\n\n\n\n<p>Se inici\u00f3 en el automovilismo deportivo en la categor\u00eda zonal Fuerza Libre, como acompa\u00f1ante de Jos\u00e9 Valerga en un Ford A. Luego corri\u00f3 como piloto, en Fuerza Libre y Ford T Standard, donde gan\u00f3 4 carreras. Debut\u00f3 junto a su hermano Dante en TC, en la carrera de \u201cMar y Sierras\u201d de 1950.<\/p>\n\n\n\n<p><\/p>\n\n\n\n<p>Dotado de un gran ingenio mec\u00e1nico, <strong>fue el gran artesano e inventor<\/strong> del motor v\u00e1lvulas a la cabeza, las bielas del 59 AB, los tacos de billar y tantas otras piezas.<\/p>\n\n\n\n<p><\/p>\n\n\n\n<p>Escribi\u00f3 en la historia del<strong> Turismo Carretera <\/strong>una p\u00e1gina con letras de gloria y dignidad, en la que se puede leer: 43 triunfos, 12 etapas de Gran Premios ganadas, r\u00e9cord de velocidad en circuitos de asfalto y tambi\u00e9n en circuitos mixtos, cuatro veces consecutivas Campe\u00f3n Argentino de Turismo Carretera.<\/p>\n\n\n\n<p><\/p>\n\n\n\n<p>Todo esto junto a su hermano Dante: <strong>una dupla que hoy, es leyenda del automovilismo nacional.<\/strong><\/p>\n\n\n\n<p><\/p>\n\n\n\n<blockquote class=\"wp-block-quote is-layout-flow wp-block-quote-is-layout-flow\">\n<p>Se recuerda que el horario para visitar el Museo es: martes a viernes de 8:00 a 14:00 horas. S\u00e1bados, domingos y feriados: de 16:00 a 19:00 horas.<\/p>\n<\/blockquote>\n","protected":false},"excerpt":{"rendered":"<p>Se cumplen 113 a\u00f1os de su natalicio. El museo abrir\u00e1 la Galera de los hermanos Emiliozzi para observar su interior.<\/p>\n","protected":false},"author":5,"featured_media":14958,"comment_status":"closed","ping_status":"closed","sticky":false,"template":"","format":"standard","meta":{"_jetpack_memberships_contains_paid_content":false,"footnotes":""},"categories":[9,1],"tags":[],"class_list":["post-172660","post","type-post","status-publish","format-standard","has-post-thumbnail","hentry","category-cultura","category-portada"],"jetpack_featured_media_url":"https:\/\/i0.wp.com\/cdnoticias.com\/wp-content\/uploads\/2021\/02\/la-galera.jpg?fit=1200%2C856&ssl=1","jetpack_sharing_enabled":true,"_links":{"self":[{"href":"https:\/\/cdnoticias.com\/index.php\/wp-json\/wp\/v2\/posts\/172660","targetHints":{"allow":["GET"]}}],"collection":[{"href":"https:\/\/cdnoticias.com\/index.php\/wp-json\/wp\/v2\/posts"}],"about":[{"href":"https:\/\/cdnoticias.com\/index.php\/wp-json\/wp\/v2\/types\/post"}],"author":[{"embeddable":true,"href":"https:\/\/cdnoticias.com\/index.php\/wp-json\/wp\/v2\/users\/5"}],"replies":[{"embeddable":true,"href":"https:\/\/cdnoticias.com\/index.php\/wp-json\/wp\/v2\/comments?post=172660"}],"version-history":[{"count":0,"href":"https:\/\/cdnoticias.com\/index.php\/wp-json\/wp\/v2\/posts\/172660\/revisions"}],"wp:featuredmedia":[{"embeddable":true,"href":"https:\/\/cdnoticias.com\/index.php\/wp-json\/wp\/v2\/media\/14958"}],"wp:attachment":[{"href":"https:\/\/cdnoticias.com\/index.php\/wp-json\/wp\/v2\/media?parent=172660"}],"wp:term":[{"taxonomy":"category","embeddable":true,"href":"https:\/\/cdnoticias.com\/index.php\/wp-json\/wp\/v2\/categories?post=172660"},{"taxonomy":"post_tag","embeddable":true,"href":"https:\/\/cdnoticias.com\/index.php\/wp-json\/wp\/v2\/tags?post=172660"}],"curies":[{"name":"wp","href":"https:\/\/api.w.org\/{rel}","templated":true}]}}