{"id":17266,"date":"2021-03-27T09:34:51","date_gmt":"2021-03-27T12:34:51","guid":{"rendered":"http:\/\/www.centraldenoticias.com.ar\/?p=17266"},"modified":"2021-03-27T14:01:30","modified_gmt":"2021-03-27T17:01:30","slug":"un-olavarriense-resulto-con-heridas-de-consideracion-en-violento-accidente","status":"publish","type":"post","link":"https:\/\/cdnoticias.com\/index.php\/2021\/03\/27\/un-olavarriense-resulto-con-heridas-de-consideracion-en-violento-accidente\/","title":{"rendered":"Un olavarriense result\u00f3 con heridas de consideraci\u00f3n en violento accidente"},"content":{"rendered":"<p>El hecho se produjo en la zona de la rotonda de la Ruta Provincial 86 y 51, camino a La Madrid. Por la violencia del impacto qued\u00f3 \u201cincrustado\u201d en un monte a la vera del camino.\u00a0<!--more--><\/p>\n<hr \/>\n<p>En la noche de este viernes<strong> se produjo un violento accidente en el que estuvo involucrado un olavarriense que result\u00f3 con heridas de consideraci\u00f3n.<\/strong> Sucedi\u00f3 en la rotonda de la Ruta Provincial 86 y 51, en la zona de La Madrid.<\/p>\n<p>&nbsp;<\/p>\n<p>Las causas del hecho por ahora son materia de investigaci\u00f3n. <strong>Lo concreto es que un joven de 29 a\u00f1os a bordo de un Volkswagen Suran se despist\u00f3 en esa zona y por la fuerza del impacto qued\u00f3 \u201cincrustado\u201d en un monte a la vera del camino.<\/strong><\/p>\n<p>&nbsp;<\/p>\n<p><img data-recalc-dims=\"1\" loading=\"lazy\" decoding=\"async\" class=\"alignnone size-full wp-image-17267\" src=\"https:\/\/i0.wp.com\/cdnoticias.com\/wp-content\/uploads\/2021\/03\/WhatsApp-Image-2021-03-26-at-23.51.34.jpeg?resize=800%2C600&#038;ssl=1\" alt=\"\" width=\"800\" height=\"600\" srcset=\"https:\/\/i0.wp.com\/cdnoticias.com\/wp-content\/uploads\/2021\/03\/WhatsApp-Image-2021-03-26-at-23.51.34.jpeg?w=1280&amp;ssl=1 1280w, https:\/\/i0.wp.com\/cdnoticias.com\/wp-content\/uploads\/2021\/03\/WhatsApp-Image-2021-03-26-at-23.51.34.jpeg?resize=300%2C225&amp;ssl=1 300w, https:\/\/i0.wp.com\/cdnoticias.com\/wp-content\/uploads\/2021\/03\/WhatsApp-Image-2021-03-26-at-23.51.34.jpeg?resize=768%2C576&amp;ssl=1 768w, https:\/\/i0.wp.com\/cdnoticias.com\/wp-content\/uploads\/2021\/03\/WhatsApp-Image-2021-03-26-at-23.51.34.jpeg?resize=1024%2C768&amp;ssl=1 1024w\" sizes=\"auto, (max-width: 800px) 100vw, 800px\" \/><\/p>\n<p>&nbsp;<\/p>\n<p>R\u00e1pidamente se trasladaron los Bomberos Voluntarios, la Polic\u00eda Vial y una ambulancia del Hospital lamatritense \u201cDr. Mariano Etchegaray\u201d a donde fue trasladado por los golpes.<strong> Seg\u00fan se logr\u00f3 saber, tuvo algunas fracturas y traumatismos.<\/strong><\/p>\n<p>&nbsp;<\/p>\n<p>En el accidente <strong>no habr\u00eda intervenido ning\u00fan otro veh\u00edculo y la persona habr\u00eda salido por sus propios medios del habit\u00e1culo.<\/strong><\/p>\n","protected":false},"excerpt":{"rendered":"<p>El hecho se produjo en la zona de la rotonda de la Ruta Provincial 86 y 51, camino a La<\/p>\n","protected":false},"author":2,"featured_media":17268,"comment_status":"closed","ping_status":"closed","sticky":false,"template":"","format":"standard","meta":{"_jetpack_memberships_contains_paid_content":false,"footnotes":""},"categories":[14,1],"tags":[],"class_list":["post-17266","post","type-post","status-publish","format-standard","has-post-thumbnail","hentry","category-policiales","category-portada"],"jetpack_featured_media_url":"https:\/\/i0.wp.com\/cdnoticias.com\/wp-content\/uploads\/2021\/03\/WhatsApp-Image-2021-03-26-at-23.51.33.jpeg?fit=1280%2C960&ssl=1","jetpack_sharing_enabled":true,"_links":{"self":[{"href":"https:\/\/cdnoticias.com\/index.php\/wp-json\/wp\/v2\/posts\/17266","targetHints":{"allow":["GET"]}}],"collection":[{"href":"https:\/\/cdnoticias.com\/index.php\/wp-json\/wp\/v2\/posts"}],"about":[{"href":"https:\/\/cdnoticias.com\/index.php\/wp-json\/wp\/v2\/types\/post"}],"author":[{"embeddable":true,"href":"https:\/\/cdnoticias.com\/index.php\/wp-json\/wp\/v2\/users\/2"}],"replies":[{"embeddable":true,"href":"https:\/\/cdnoticias.com\/index.php\/wp-json\/wp\/v2\/comments?post=17266"}],"version-history":[{"count":0,"href":"https:\/\/cdnoticias.com\/index.php\/wp-json\/wp\/v2\/posts\/17266\/revisions"}],"wp:featuredmedia":[{"embeddable":true,"href":"https:\/\/cdnoticias.com\/index.php\/wp-json\/wp\/v2\/media\/17268"}],"wp:attachment":[{"href":"https:\/\/cdnoticias.com\/index.php\/wp-json\/wp\/v2\/media?parent=17266"}],"wp:term":[{"taxonomy":"category","embeddable":true,"href":"https:\/\/cdnoticias.com\/index.php\/wp-json\/wp\/v2\/categories?post=17266"},{"taxonomy":"post_tag","embeddable":true,"href":"https:\/\/cdnoticias.com\/index.php\/wp-json\/wp\/v2\/tags?post=17266"}],"curies":[{"name":"wp","href":"https:\/\/api.w.org\/{rel}","templated":true}]}}