{"id":172649,"date":"2025-05-29T10:36:53","date_gmt":"2025-05-29T13:36:53","guid":{"rendered":"https:\/\/cdnoticias.com\/?p=172649"},"modified":"2025-05-29T10:37:13","modified_gmt":"2025-05-29T13:37:13","slug":"corte-de-luz-en-un-sector-de-olavarria-para-este-jueves","status":"publish","type":"post","link":"https:\/\/cdnoticias.com\/index.php\/2025\/05\/29\/corte-de-luz-en-un-sector-de-olavarria-para-este-jueves\/","title":{"rendered":"Corte de luz en un sector de Olavarr\u00eda para este jueves"},"content":{"rendered":"\n<p>Se desarrollar\u00e1 durante la ma\u00f1ana por mantenimiento de la red el\u00e9ctrica.<\/p>\n\n\n\n<hr class=\"wp-block-separator has-alpha-channel-opacity\"\/>\n\n\n\n<p>Desde Coopelectric se inform\u00f3 la <strong>interrupci\u00f3n del servicio el\u00e9ctrico en un sector del Partido de Olavarr\u00eda.<\/strong><\/p>\n\n\n\n<p><\/p>\n\n\n\n<blockquote class=\"wp-block-quote is-layout-flow wp-block-quote-is-layout-flow\">\n<p>Ser\u00e1 este jueves en el horario de 11:00 a 13:00, en el sector de canteras, salida rural La Palmira y Colonia San Miguel.<\/p>\n<\/blockquote>\n\n\n\n<p><\/p>\n\n\n\n<p>Indicaron que el motivo es por <strong>mantenimiento.<\/strong><\/p>\n\n\n\n<p><\/p>\n","protected":false},"excerpt":{"rendered":"<p>Se desarrollar\u00e1 durante la ma\u00f1ana por mantenimiento de la red el\u00e9ctrica. Desde Coopelectric se inform\u00f3 la interrupci\u00f3n del servicio el\u00e9ctrico<\/p>\n","protected":false},"author":5,"featured_media":134717,"comment_status":"closed","ping_status":"closed","sticky":false,"template":"","format":"standard","meta":{"_jetpack_memberships_contains_paid_content":false,"footnotes":""},"categories":[5,1],"tags":[],"class_list":["post-172649","post","type-post","status-publish","format-standard","has-post-thumbnail","hentry","category-informacion-general","category-portada"],"jetpack_featured_media_url":"https:\/\/i0.wp.com\/cdnoticias.com\/wp-content\/uploads\/2025\/01\/corte-programado-coopelectric1.jpg?fit=1072%2C597&ssl=1","jetpack_sharing_enabled":true,"_links":{"self":[{"href":"https:\/\/cdnoticias.com\/index.php\/wp-json\/wp\/v2\/posts\/172649","targetHints":{"allow":["GET"]}}],"collection":[{"href":"https:\/\/cdnoticias.com\/index.php\/wp-json\/wp\/v2\/posts"}],"about":[{"href":"https:\/\/cdnoticias.com\/index.php\/wp-json\/wp\/v2\/types\/post"}],"author":[{"embeddable":true,"href":"https:\/\/cdnoticias.com\/index.php\/wp-json\/wp\/v2\/users\/5"}],"replies":[{"embeddable":true,"href":"https:\/\/cdnoticias.com\/index.php\/wp-json\/wp\/v2\/comments?post=172649"}],"version-history":[{"count":0,"href":"https:\/\/cdnoticias.com\/index.php\/wp-json\/wp\/v2\/posts\/172649\/revisions"}],"wp:featuredmedia":[{"embeddable":true,"href":"https:\/\/cdnoticias.com\/index.php\/wp-json\/wp\/v2\/media\/134717"}],"wp:attachment":[{"href":"https:\/\/cdnoticias.com\/index.php\/wp-json\/wp\/v2\/media?parent=172649"}],"wp:term":[{"taxonomy":"category","embeddable":true,"href":"https:\/\/cdnoticias.com\/index.php\/wp-json\/wp\/v2\/categories?post=172649"},{"taxonomy":"post_tag","embeddable":true,"href":"https:\/\/cdnoticias.com\/index.php\/wp-json\/wp\/v2\/tags?post=172649"}],"curies":[{"name":"wp","href":"https:\/\/api.w.org\/{rel}","templated":true}]}}