{"id":172646,"date":"2025-05-29T10:02:05","date_gmt":"2025-05-29T13:02:05","guid":{"rendered":"https:\/\/cdnoticias.com\/?p=172646"},"modified":"2025-05-29T10:02:07","modified_gmt":"2025-05-29T13:02:07","slug":"francisco-gonzalez-convivimos-con-una-educacion-provincial-ocupada-por-el-kirchnerismo","status":"publish","type":"post","link":"https:\/\/cdnoticias.com\/index.php\/2025\/05\/29\/francisco-gonzalez-convivimos-con-una-educacion-provincial-ocupada-por-el-kirchnerismo\/","title":{"rendered":"Francisco Gonz\u00e1lez: \u201cConvivimos con una educaci\u00f3n provincial ocupada por el kirchnerismo\u201d"},"content":{"rendered":"<p>El concejal de UCR sostuvo que \u201choy la educaci\u00f3n de la Provincia corre desde atr\u00e1s una realidad cada vez m\u00e1s dif\u00edcil de abordar y que deja expuestos a los trabajadores\u201d.<!--more--><\/p>\n<hr \/>\n<p>Por <em>Francisco Gonz\u00e1lez*<\/em><\/p>\n<p>La <strong>educaci\u00f3n en la Provincia de Buenos Aires<\/strong> atraviesa <strong>tiempos desesperantes<\/strong>. Docentes, directivos y auxiliares conviven con <strong>una violencia que crece<\/strong>, y al mismo tiempo sufren <strong>persecuciones permanentes<\/strong> por quienes deber\u00edan sostenerlos, acompa\u00f1arlos. Cargos que se ocupan por alineamiento pol\u00edtico y una escuela p\u00fablica en crisis. En el medio quedan miles de estudiantes que no alcanzan los contenidos educativos m\u00ednimos.<\/p>\n<p>Recientemente se encendieron las alarmas con lo sucedido en la <strong>Escuela de Educaci\u00f3n Secundaria N\u00b0 8<\/strong> y manifestamos la necesidad de que la escuela vuelva a ser un lugar de aprendizaje, de respeto y convivencia. <strong>Este tipo de situaciones, si bien en menor gravedad, son reiteradas<\/strong> en diferentes instituciones educativas de Olavarr\u00eda.<\/p>\n<p>Esto es algo que todos sabemos, y que<strong> los propios directores ratificaron en un comunicado<\/strong> emitido en los d\u00edas posteriores al hecho. <strong>Hoy la educaci\u00f3n de la Provincia corre desde atr\u00e1s una realidad cada vez m\u00e1s dif\u00edcil de abordar y que deja expuestos a los trabajadores<\/strong>.<\/p>\n<p>Por otro lado, <strong>el rol de los inspectores<\/strong> est\u00e1 sumamente alejado de lo que se necesita. <strong>M\u00e1s preocupados por silenciar este tipo de hechos o falencias<\/strong> que las escuelas presentan en infraestructura, que en brindar soluciones reales.<\/p>\n<p><em>Lo mismo que le criticamos al Gobierno Nacional en cuanto a persecuci\u00f3n e intimidaci\u00f3n a periodistas o todo aquel que piense distinto, lo ejecutan a la perfecci\u00f3n en el \u00e1mbito educativo de la Provincia de Buenos Aires<\/em>.<\/p>\n<p><strong>Como concejales en m\u00e1s de una oportunidad se nos ha impedido el ingreso a escuelas<\/strong> o, si logramos acceder, tenemos que tener el mayor de los cuidados de c\u00f3mo exponer el planteo de los directivos para que luego <strong>no reciban represalias<\/strong> que pongan en riesgo sus puestos laborales. Una situaci\u00f3n grav\u00edsima, que por lo alto el oficialismo municipal niega, pero por lo bajo reconocen y no hacen nada para evitarlo. A\u00f1o 2025, plena democracia y suceden estas cosas en Olavarr\u00eda.<\/p>\n<p>Esto no le hace bien a la escuela p\u00fablica. No hay que ser un gran observador para saber que<strong> las cosas no funcionan bien, y taparlas o negarlas no es la soluci\u00f3n<\/strong>. No podemos permitir que esto siga sucediendo. Debemos entre todos <em>contribuir a la mejora de la educaci\u00f3n p\u00fablica bonaerense, que no estar alineado pol\u00edticamente al kirchnerismo deje de ser una incomodidad para los educadores y una imposibilidad para trabajar libremente<\/em>.<\/p>\n<p>Convocamos a todos a trabajar para recuperar nuestra escuela bonaerense, que vuelva a ser un espacio de paz y convivencia democr\u00e1tica. E <strong>instamos a los altos mandos de la educaci\u00f3n a que revean sus pr\u00e1cticas<\/strong>, que recapaciten y den el ejemplo desde el rol que les confiamos todos los ciudadanos.<\/p>\n<p>*<em>Concejal por la UCR, miembro de la Comisi\u00f3n de Educaci\u00f3n del HCD de Olavarr\u00eda<\/em><\/p>\n","protected":false},"excerpt":{"rendered":"<p>El concejal de UCR sostuvo que \u201choy la educaci\u00f3n de la Provincia corre desde atr\u00e1s una realidad cada vez m\u00e1s<\/p>\n","protected":false},"author":2,"featured_media":172167,"comment_status":"closed","ping_status":"closed","sticky":false,"template":"","format":"standard","meta":{"_jetpack_memberships_contains_paid_content":false,"footnotes":""},"categories":[4,1],"tags":[],"class_list":["post-172646","post","type-post","status-publish","format-standard","has-post-thumbnail","hentry","category-politica","category-portada"],"jetpack_featured_media_url":"https:\/\/i0.wp.com\/cdnoticias.com\/wp-content\/uploads\/2025\/05\/HCD-pancho-gonzalez-sesion-22-de-mayo-00.jpg?fit=1000%2C556&ssl=1","jetpack_sharing_enabled":true,"_links":{"self":[{"href":"https:\/\/cdnoticias.com\/index.php\/wp-json\/wp\/v2\/posts\/172646","targetHints":{"allow":["GET"]}}],"collection":[{"href":"https:\/\/cdnoticias.com\/index.php\/wp-json\/wp\/v2\/posts"}],"about":[{"href":"https:\/\/cdnoticias.com\/index.php\/wp-json\/wp\/v2\/types\/post"}],"author":[{"embeddable":true,"href":"https:\/\/cdnoticias.com\/index.php\/wp-json\/wp\/v2\/users\/2"}],"replies":[{"embeddable":true,"href":"https:\/\/cdnoticias.com\/index.php\/wp-json\/wp\/v2\/comments?post=172646"}],"version-history":[{"count":0,"href":"https:\/\/cdnoticias.com\/index.php\/wp-json\/wp\/v2\/posts\/172646\/revisions"}],"wp:featuredmedia":[{"embeddable":true,"href":"https:\/\/cdnoticias.com\/index.php\/wp-json\/wp\/v2\/media\/172167"}],"wp:attachment":[{"href":"https:\/\/cdnoticias.com\/index.php\/wp-json\/wp\/v2\/media?parent=172646"}],"wp:term":[{"taxonomy":"category","embeddable":true,"href":"https:\/\/cdnoticias.com\/index.php\/wp-json\/wp\/v2\/categories?post=172646"},{"taxonomy":"post_tag","embeddable":true,"href":"https:\/\/cdnoticias.com\/index.php\/wp-json\/wp\/v2\/tags?post=172646"}],"curies":[{"name":"wp","href":"https:\/\/api.w.org\/{rel}","templated":true}]}}