{"id":17264,"date":"2021-03-26T19:46:42","date_gmt":"2021-03-26T22:46:42","guid":{"rendered":"http:\/\/www.centraldenoticias.com.ar\/?p=17264"},"modified":"2021-03-26T19:46:42","modified_gmt":"2021-03-26T22:46:42","slug":"fuerte-salto-en-el-numero-de-contagios-de-coronavirus-en-el-pais","status":"publish","type":"post","link":"https:\/\/cdnoticias.com\/index.php\/2021\/03\/26\/fuerte-salto-en-el-numero-de-contagios-de-coronavirus-en-el-pais\/","title":{"rendered":"Fuerte salto en el n\u00famero de contagios de Coronavirus en el pa\u00eds"},"content":{"rendered":"<p>Se detectaron 12.936 casos. El dato a tener en cuenta es que el jueves se hab\u00edan registrado 8.238 contagios.<!--more--><\/p>\n<hr \/>\n<p>El Ministerio de Salud de la Naci\u00f3n inform\u00f3 en la jornada de este viernes que en las \u00faltimas 24 horas 12.936 personas se contagiaron de Covid-19 en el pa\u00eds, lo que representa<strong> el n\u00famero m\u00e1s alto en el nivel de infecciones diarias desde el 14 de enero, cuando hubo 13.286 positivos.<\/strong><\/p>\n<p>&nbsp;<\/p>\n<blockquote><p>En la Provincia de Buenos Aires hubo 5.686 contagios.<\/p><\/blockquote>\n<p>&nbsp;<\/p>\n<p>El nuevo salto en el nivel de contagios se produce justo cuando u<strong>n gran n\u00famero de expertos considera que el pa\u00eds se aproxima al inicio de la segunda ola de la Pandemia en el pa\u00eds<\/strong>, algo que el viceministro de Salud de la Provincia, Nicol\u00e1s Kreplak, dijo que ya podr\u00eda estar ocurriendo.<\/p>\n<p>&nbsp;<\/p>\n<p><strong>El n\u00famero contrasta con la cantidad de contagios del jueves: 8,238<\/strong>. Sin embargo, los especialistas indicaron que una explicaci\u00f3n puede ser el incremento de testeos: hasta ayer ven\u00edan en baja y rozaban los 40 mil. Pero hoy, se hicieron exactamente 88.074 testeos.<\/p>\n<p>&nbsp;<\/p>\n<p><img data-recalc-dims=\"1\" loading=\"lazy\" decoding=\"async\" class=\"size-full wp-image-15266\" src=\"https:\/\/i0.wp.com\/cdnoticias.com\/wp-content\/uploads\/2021\/03\/terapia-intensiva-3-696x465.jpg?resize=696%2C465&#038;ssl=1\" alt=\"\" width=\"696\" height=\"465\" srcset=\"https:\/\/i0.wp.com\/cdnoticias.com\/wp-content\/uploads\/2021\/03\/terapia-intensiva-3-696x465.jpg?resize=696%2C465&amp;ssl=1 696w, https:\/\/i0.wp.com\/cdnoticias.com\/wp-content\/uploads\/2021\/03\/terapia-intensiva-3-696x465.jpg?resize=300%2C200&amp;ssl=1 300w, https:\/\/i0.wp.com\/cdnoticias.com\/wp-content\/uploads\/2021\/03\/terapia-intensiva-3-696x465.jpg?resize=272%2C182&amp;ssl=1 272w\" sizes=\"auto, (max-width: 696px) 100vw, 696px\" \/><\/p>\n<p>&nbsp;<\/p>\n<p>De ese modo, <strong>el \u00edndice de positividad -la cantidad de positivos confirmados sobre el total de test realizado- fue del 14,7% hoy, menor al 20% de ayer<\/strong>. El indicador es clave para saber si la tendencia es al aumento de los casos o no, ya que muestra la efectividad en la detecci\u00f3n de contagios. La Organizaci\u00f3n Mundial de la Salud (OMS) sugiere que debe mantenerse en torno al 10%. Si da m\u00e1s significa que se est\u00e1 testeando poco. Si da menos, que se est\u00e1 testeando mal.<\/p>\n<p>&nbsp;<\/p>\n<p>En noviembre, cuando el pa\u00eds ya hab\u00eda superado el pico de la primera ola, la positividad a\u00fan giraba en torno al 33 por ciento. En diciembre hab\u00eda empezado a bajar con fuerza: el promedio se ubic\u00f3 en el 19 por ciento. Pero hubo un rebrote hacia fin de a\u00f1o, de modo que la tasa de positividad en enero trep\u00f3 al 22 por ciento, para luego descender a su nivel m\u00e1s bajo desde que empez\u00f3 la pandemia: en febrero fue del 12,3 por ciento.<strong> Ya en marzo se ve otra vez un cambio de tendencia y la tasa ahora rondaba el 17 por ciento y en ascenso.<\/strong><\/p>\n<p>&nbsp;<\/p>\n<p><img data-recalc-dims=\"1\" loading=\"lazy\" decoding=\"async\" class=\"alignnone size-full wp-image-13687\" src=\"https:\/\/i0.wp.com\/cdnoticias.com\/wp-content\/uploads\/2021\/02\/DIB-covid-variante-reino-unido-696x392.jpg?resize=696%2C392&#038;ssl=1\" alt=\"\" width=\"696\" height=\"392\" srcset=\"https:\/\/i0.wp.com\/cdnoticias.com\/wp-content\/uploads\/2021\/02\/DIB-covid-variante-reino-unido-696x392.jpg?resize=696%2C392&amp;ssl=1 696w, https:\/\/i0.wp.com\/cdnoticias.com\/wp-content\/uploads\/2021\/02\/DIB-covid-variante-reino-unido-696x392.jpg?resize=300%2C169&amp;ssl=1 300w\" sizes=\"auto, (max-width: 696px) 100vw, 696px\" \/><\/p>\n<p>&nbsp;<\/p>\n<p><strong>En t\u00e9rminos de cantidad de casos, el \u00faltimo pico se dio a mediados de enero<\/strong>, luego del relajamiento de los cuidados que se percibi\u00f3 durante las fiestas de fin de a\u00f1o. En ese plano, la mayor cantidad de casos de Covid de este viernes se explican sobre todo por los registrados en la provincia de <strong>Buenos Aires. Hubo 5.686 casos contabilizados, contra los 3.702 del jueves<\/strong>. Esto es un 53 por ciento m\u00e1s. En la Capital Federal hubo 1.405, apenas 9 casos m\u00e1s que el d\u00eda anterior.<\/p>\n<p>&nbsp;<\/p>\n<p><strong>Tambi\u00e9n subieron los contagios en varias provincias m\u00e1s y casi todas tuvieron m\u00e1s de 100 contagios<\/strong>. C\u00f3rdoba\u00a0 registr\u00f3 1.105, Corrientes 771, Tucum\u00e1n 680 y Santa Fe 652. M\u00e1s atr\u00e1s se ubicaron San Luis (417), Mendoza (336), Entre R\u00edos (228), Chaco (159), San Juan (158), Chubut (155), Misiones (150), Neuqu\u00e9n (148), Salta (136), R\u00edo Negro (123), Santa Cruz (104), Santiago del Estero(104) y La Pampa (100).<\/p>\n<p>&nbsp;<\/p>\n<p><img data-recalc-dims=\"1\" loading=\"lazy\" decoding=\"async\" class=\"alignnone size-full wp-image-1957\" src=\"https:\/\/i0.wp.com\/cdnoticias.com\/wp-content\/uploads\/2020\/09\/coronavirusargentina.jpg?resize=800%2C451&#038;ssl=1\" alt=\"\" width=\"800\" height=\"451\" srcset=\"https:\/\/i0.wp.com\/cdnoticias.com\/wp-content\/uploads\/2020\/09\/coronavirusargentina.jpg?w=1004&amp;ssl=1 1004w, https:\/\/i0.wp.com\/cdnoticias.com\/wp-content\/uploads\/2020\/09\/coronavirusargentina.jpg?resize=300%2C169&amp;ssl=1 300w, https:\/\/i0.wp.com\/cdnoticias.com\/wp-content\/uploads\/2020\/09\/coronavirusargentina.jpg?resize=768%2C433&amp;ssl=1 768w\" sizes=\"auto, (max-width: 800px) 100vw, 800px\" \/><\/p>\n<p>&nbsp;<\/p>\n<p><strong>Adem\u00e1s de los contagios, salud inform\u00f3 que en la \u00faltima jornada se produjeron 143 muertes por Covid-19<\/strong>, lo que eleva a 55.235 la cantidad de v\u00edctimas fatales desde que se report\u00f3 el primer caso de contagio, el marzo del a\u00f1o pasado.<\/p>\n<p>&nbsp;<\/p>\n<p><strong>De las 171.337 personas que se encuentran cursando la enfermedad, 3.508 permanecen internadas en Unidades de Terapia Intensiva<\/strong> (UTI). El nivel de ocupaci\u00f3n de camas de ese sector es de 58.6% en el Area Metropolitana de Buenos Aires (AMBA) y 55.1% en el resto del pa\u00eds.<\/p>\n<p>&nbsp;<\/p>\n<p>Fuente DIB<\/p>\n<p>&nbsp;<\/p>\n","protected":false},"excerpt":{"rendered":"<p>Se detectaron 12.936 casos. El dato a tener en cuenta es que el jueves se hab\u00edan registrado 8.238 contagios.<\/p>\n","protected":false},"author":3,"featured_media":9560,"comment_status":"closed","ping_status":"closed","sticky":false,"template":"","format":"standard","meta":{"_jetpack_memberships_contains_paid_content":false,"footnotes":""},"categories":[6,1],"tags":[],"class_list":["post-17264","post","type-post","status-publish","format-standard","has-post-thumbnail","hentry","category-nacionales","category-portada"],"jetpack_featured_media_url":"https:\/\/i0.wp.com\/cdnoticias.com\/wp-content\/uploads\/2020\/12\/covid19.jpg?fit=1004%2C565&ssl=1","jetpack_sharing_enabled":true,"_links":{"self":[{"href":"https:\/\/cdnoticias.com\/index.php\/wp-json\/wp\/v2\/posts\/17264","targetHints":{"allow":["GET"]}}],"collection":[{"href":"https:\/\/cdnoticias.com\/index.php\/wp-json\/wp\/v2\/posts"}],"about":[{"href":"https:\/\/cdnoticias.com\/index.php\/wp-json\/wp\/v2\/types\/post"}],"author":[{"embeddable":true,"href":"https:\/\/cdnoticias.com\/index.php\/wp-json\/wp\/v2\/users\/3"}],"replies":[{"embeddable":true,"href":"https:\/\/cdnoticias.com\/index.php\/wp-json\/wp\/v2\/comments?post=17264"}],"version-history":[{"count":0,"href":"https:\/\/cdnoticias.com\/index.php\/wp-json\/wp\/v2\/posts\/17264\/revisions"}],"wp:featuredmedia":[{"embeddable":true,"href":"https:\/\/cdnoticias.com\/index.php\/wp-json\/wp\/v2\/media\/9560"}],"wp:attachment":[{"href":"https:\/\/cdnoticias.com\/index.php\/wp-json\/wp\/v2\/media?parent=17264"}],"wp:term":[{"taxonomy":"category","embeddable":true,"href":"https:\/\/cdnoticias.com\/index.php\/wp-json\/wp\/v2\/categories?post=17264"},{"taxonomy":"post_tag","embeddable":true,"href":"https:\/\/cdnoticias.com\/index.php\/wp-json\/wp\/v2\/tags?post=17264"}],"curies":[{"name":"wp","href":"https:\/\/api.w.org\/{rel}","templated":true}]}}