{"id":172627,"date":"2025-05-28T19:38:36","date_gmt":"2025-05-28T22:38:36","guid":{"rendered":"https:\/\/cdnoticias.com\/?p=172627"},"modified":"2025-05-29T08:20:27","modified_gmt":"2025-05-29T11:20:27","slug":"ruta-3-piden-informes-al-gobierno-nacional-sobre-avances-en-la-autovia","status":"publish","type":"post","link":"https:\/\/cdnoticias.com\/index.php\/2025\/05\/28\/ruta-3-piden-informes-al-gobierno-nacional-sobre-avances-en-la-autovia\/","title":{"rendered":"Ruta 3: piden informes al Gobierno nacional sobre avances en la autov\u00eda"},"content":{"rendered":"\n<p>El diputado Pablo Juliano solicit\u00f3 datos oficiales sobre montos asignados, grado de ejecuci\u00f3n y proyecciones en torno a los tramos entre Monte, Las Flores y Azul. Se\u00f1al\u00f3 adem\u00e1s la alta siniestralidad vial en la zona.<\/p>\n\n\n\n<hr class=\"wp-block-separator aligncenter has-alpha-channel-opacity\"\/>\n\n\n\n<p>El diputado nacional del radicalismo Pablo Juliano present\u00f3 un proyecto de resoluci\u00f3n en la C\u00e1mara Baja, dirigido al Poder Ejecutivo, en el que<strong> solicita informes vinculados a la construcci\u00f3n de la Autov\u00eda en la Ruta Nacional N\u00ba 3, particularmente en los tramos que conectan Monte, Las Flores y Azul.<\/strong><\/p>\n\n\n\n<p>El legislador \u2014presidente del bloque Democracia para Siempre\u2014 requiri\u00f3 que <strong>se detallen los montos asignados y ejecutados durante 2023, 2024 y 2025 para las obras de ampliaci\u00f3n de la calzada, as\u00ed como tambi\u00e9n el grado de avance de los trabajos y los estudios t\u00e9cnicos realizados. A su vez, pidi\u00f3 conocer las proyecciones, el presupuesto anual previsto, el a\u00f1o estimado de finalizaci\u00f3n y que se remitan los expedientes administrativos respaldatorios.<\/strong><\/p>\n\n\n\n<p>En los fundamentos del proyecto,<strong> Juliano cit\u00f3 datos del informe de siniestralidad fatal 2024 elaborado por la Agencia Nacional de Seguridad Vial (ANSV), seg\u00fan el cual se registraron 3.238 siniestros viales fatales con un saldo de 3.894 personas fallecidas en todo el pa\u00eds. De ese total, el 54% de los hechos ocurrieron en rutas, tanto nacionales como provinciales.<\/strong><\/p>\n\n\n\n<p>El legislador indic\u00f3 que <em>\u201cla Ruta Nacional N\u00b0 3 une las provincias de Buenos Aires, R\u00edo Negro, Chubut, Santa Cruz y Tierra del Fuego, siendo profusamente transitada por motivos econ\u00f3micos, culturales, sanitarios y tur\u00edsticos\u201d<\/em>. Y subray\u00f3: <em><strong>\u201cEl tramo entre Azul y Monte es uno de los que cuenta con mayor caudal de tr\u00e1nsito, ya que es la principal v\u00eda por la cual los distritos que atraviesa canalizan gran parte de su producci\u00f3n\u201d.<\/strong><\/em><\/p>\n\n\n\n<p>Juliano tambi\u00e9n hizo referencia a un<strong> informe de la Fundaci\u00f3n CEDA, seg\u00fan el cual entre 2006 y 2022 se registraron 309 accidentes en ese tramo espec\u00edfico de la Ruta 3, con un saldo de 559 heridos y 201 fallecidos.<\/strong><\/p>\n\n\n\n<p>Entre los hechos m\u00e1s recientes, enumer\u00f3:<\/p>\n\n\n\n<p>-En noviembre de 2023, un choque frontal en el kil\u00f3metro 295, cerca de Azul, caus\u00f3 la muerte de dos j\u00f3venes.<\/p>\n\n\n\n<p>-En enero de 2024, un siniestro en el kil\u00f3metro 63, en Ca\u00f1uelas, dej\u00f3 un muerto y un herido.<\/p>\n\n\n\n<p>-En noviembre de 2024, un joven olavarriense falleci\u00f3 tras colisionar con un cami\u00f3n en el kil\u00f3metro 297.<\/p>\n\n\n\n<p>-En mayo de 2025, a la altura del kil\u00f3metro 132, un colectivo de la empresa C\u00f3ndor Estrella choc\u00f3 de frente con un cami\u00f3n, dejando al menos cuatro muertos y 16 heridos graves.<\/p>\n\n\n\n<p><em><strong>\u201cEstas tragedias son s\u00f3lo una muestra de los numerosos accidentes ocurridos en este tramo de la Ruta 3. Por ello, solicitamos que el Poder Ejecutivo informe qu\u00e9 acciones est\u00e1 llevando adelante para evitar que sigan ocurriendo\u201d<\/strong><\/em>, concluy\u00f3 el legislador.<\/p>\n","protected":false},"excerpt":{"rendered":"<p>El diputado Pablo Juliano solicit\u00f3 datos oficiales sobre montos asignados, grado de ejecuci\u00f3n y proyecciones en torno a los tramos<\/p>\n","protected":false},"author":2,"featured_media":172436,"comment_status":"closed","ping_status":"closed","sticky":false,"template":"","format":"standard","meta":{"_jetpack_memberships_contains_paid_content":false,"footnotes":""},"categories":[4,1],"tags":[],"class_list":["post-172627","post","type-post","status-publish","format-standard","has-post-thumbnail","hentry","category-politica","category-portada"],"jetpack_featured_media_url":"https:\/\/i0.wp.com\/cdnoticias.com\/wp-content\/uploads\/2025\/05\/diario-el-tiempo-autovia-ruta-3.jpg?fit=1000%2C562&ssl=1","jetpack_sharing_enabled":true,"_links":{"self":[{"href":"https:\/\/cdnoticias.com\/index.php\/wp-json\/wp\/v2\/posts\/172627","targetHints":{"allow":["GET"]}}],"collection":[{"href":"https:\/\/cdnoticias.com\/index.php\/wp-json\/wp\/v2\/posts"}],"about":[{"href":"https:\/\/cdnoticias.com\/index.php\/wp-json\/wp\/v2\/types\/post"}],"author":[{"embeddable":true,"href":"https:\/\/cdnoticias.com\/index.php\/wp-json\/wp\/v2\/users\/2"}],"replies":[{"embeddable":true,"href":"https:\/\/cdnoticias.com\/index.php\/wp-json\/wp\/v2\/comments?post=172627"}],"version-history":[{"count":0,"href":"https:\/\/cdnoticias.com\/index.php\/wp-json\/wp\/v2\/posts\/172627\/revisions"}],"wp:featuredmedia":[{"embeddable":true,"href":"https:\/\/cdnoticias.com\/index.php\/wp-json\/wp\/v2\/media\/172436"}],"wp:attachment":[{"href":"https:\/\/cdnoticias.com\/index.php\/wp-json\/wp\/v2\/media?parent=172627"}],"wp:term":[{"taxonomy":"category","embeddable":true,"href":"https:\/\/cdnoticias.com\/index.php\/wp-json\/wp\/v2\/categories?post=172627"},{"taxonomy":"post_tag","embeddable":true,"href":"https:\/\/cdnoticias.com\/index.php\/wp-json\/wp\/v2\/tags?post=172627"}],"curies":[{"name":"wp","href":"https:\/\/api.w.org\/{rel}","templated":true}]}}