{"id":172608,"date":"2025-05-28T18:58:19","date_gmt":"2025-05-28T21:58:19","guid":{"rendered":"https:\/\/cdnoticias.com\/?p=172608"},"modified":"2025-05-28T18:58:21","modified_gmt":"2025-05-28T21:58:21","slug":"el-gobierno-avanzara-en-una-reforma-del-sistema-sanitario-y-confirmo-la-salida-de-la-oms","status":"publish","type":"post","link":"https:\/\/cdnoticias.com\/index.php\/2025\/05\/28\/el-gobierno-avanzara-en-una-reforma-del-sistema-sanitario-y-confirmo-la-salida-de-la-oms\/","title":{"rendered":"El Gobierno avanzar\u00e1 en una reforma del sistema sanitario y confirm\u00f3 la salida de la OMS"},"content":{"rendered":"\n<p>Fue tras una reuni\u00f3n con autoridades de Estados Unidos. La reforma pondr\u00e1 el foco en la prevenci\u00f3n, la evidencia cient\u00edfica y la soberan\u00eda en salud. Asimismo, la Provincia calific\u00f3 de \u201cpeligrosa\u201d la salida de la Argentina de la OMS.<\/p>\n\n\n\n<hr class=\"wp-block-separator aligncenter has-alpha-channel-opacity\"\/>\n\n\n\n<p>Tras una reuni\u00f3n con el secretario de Salud y Servicios Humanos de los Estados Unidos,<strong> Robert F. Kennedy Jr.<\/strong>, el ministro de Salud de la Naci\u00f3n, <strong>Mario Lugones, <\/strong>anunci\u00f3 que <strong>la Argentina avanzar\u00e1 en una reforma del sistema sanitario <\/strong>y <strong>confirm\u00f3 la salida de la Organizaci\u00f3n Mundial de la Salud <\/strong>(OMS).<\/p>\n\n\n\n<p><\/p>\n\n\n\n<p>Seg\u00fan un comunicado que emiti\u00f3 la cartera sanitaria, el encuentro fue un puntapi\u00e9 para una serie de medidas que <em>\u201creafirman el rumbo sanitario adoptado por el pa\u00eds: pasar de un modelo sanitario centrado en reparar la enfermedad a uno enfocado en cuidar la salud basado en evidencia cient\u00edfica\u201d.<\/em><\/p>\n\n\n\n<p><\/p>\n\n\n\n<blockquote class=\"wp-block-quote is-layout-flow wp-block-quote-is-layout-flow\">\n<p>En ese sentido, anuncia cinco ejes de acci\u00f3n: revisi\u00f3n de organismos nacionales de salud; salida de la OMS, soberan\u00eda sanitaria y decisiones nacionales; alimentaci\u00f3n m\u00e1s segura y transparente; el uso de autorizaciones r\u00e1pidas (fast-track) y la evidencia cient\u00edfica en torno a las vacunas.<\/p>\n<\/blockquote>\n\n\n\n<p><\/p>\n\n\n\n<p>La administraci\u00f3n de Lugones impulsa una transformaci\u00f3n estructural que busca dejar atr\u00e1s el esquema centrado en reparar enfermedades para pasar a un modelo preventivo <strong>\u201cbasado en evidencia cient\u00edfica y con foco en el ciudadano<\/strong>\u201d. Durante a\u00f1os, contin\u00faa el comunicado de Salud, \u201cmuchas de estas estructuras operaron con normas obsoletas, funciones superpuestas, falta de trazabilidad y escasa supervisi\u00f3n real\u201d.<\/p>\n\n\n\n<p><\/p>\n\n\n\n<figure class=\"wp-block-image aligncenter size-full\"><img data-recalc-dims=\"1\" loading=\"lazy\" decoding=\"async\" width=\"696\" height=\"464\" src=\"https:\/\/i0.wp.com\/cdnoticias.com\/wp-content\/uploads\/2025\/05\/Lugones-Kennedy-Jr-696x464-1.jpg?resize=696%2C464&#038;ssl=1\" alt=\"\" class=\"wp-image-172610\" srcset=\"https:\/\/i0.wp.com\/cdnoticias.com\/wp-content\/uploads\/2025\/05\/Lugones-Kennedy-Jr-696x464-1.jpg?w=696&amp;ssl=1 696w, https:\/\/i0.wp.com\/cdnoticias.com\/wp-content\/uploads\/2025\/05\/Lugones-Kennedy-Jr-696x464-1.jpg?resize=300%2C200&amp;ssl=1 300w, https:\/\/i0.wp.com\/cdnoticias.com\/wp-content\/uploads\/2025\/05\/Lugones-Kennedy-Jr-696x464-1.jpg?resize=272%2C182&amp;ssl=1 272w\" sizes=\"auto, (max-width: 696px) 100vw, 696px\" \/><\/figure>\n\n\n\n<p><\/p>\n\n\n\n<p><strong>Las principales medidas anunciadas incluyen:<\/strong><\/p>\n\n\n\n<ul class=\"wp-block-list\">\n<li>Revisi\u00f3n de organismos nacionales de salud: el Gobierno revisar\u00e1 entes nacionales superpuestos o ineficaces, con el objetivo de \u201csimplificar lo burocr\u00e1tico y eliminar lo que se naturaliz\u00f3 sin control ni trazabilidad\u201d.<\/li>\n<\/ul>\n\n\n\n<ul class=\"wp-block-list\">\n<li>Retiro de la OMS: Argentina se apartar\u00e1 del organismo internacional, al que acusa de actuar por \u201cintereses pol\u00edticos\u201d y de pretender \u201ccondicionar la soberan\u00eda sanitaria\u201d de los pa\u00edses miembros. Llamaron a la comunidad internacional a \u201crepensar\u201d el rol de las entidades supranacionales.<\/li>\n<\/ul>\n\n\n\n<ul class=\"wp-block-list\">\n<li>Revisi\u00f3n del uso de aditivos en alimentos: se impulsar\u00e1 una agenda integral para restringir aditivos sint\u00e9ticos y potencialmente riesgosos en productos de consumo masivo, especialmente por su impacto en la salud infantil.<\/li>\n<\/ul>\n\n\n\n<ul class=\"wp-block-list\">\n<li>Debate sobre autorizaciones r\u00e1pidas: se pondr\u00e1 bajo an\u00e1lisis el sistema de aprobaciones \u201cfast-track\u201d de medicamentos de alto costo. \u201cLa innovaci\u00f3n no debe justificar decisiones sin evidencia\u201d, aclar\u00f3 el comunicado.<\/li>\n<\/ul>\n\n\n\n<ul class=\"wp-block-list\">\n<li>Controles m\u00e1s estrictos para las vacunas: se exigir\u00e1 evidencia cient\u00edfica rigurosa en procesos de aprobaci\u00f3n, fabricaci\u00f3n y supervisi\u00f3n de vacunas, con foco en \u201crecuperar la confianza p\u00fablica\u201d.<\/li>\n<\/ul>\n\n\n\n<p><\/p>\n\n\n\n<p class=\"has-medium-font-size\"><strong>La Provincia calific\u00f3 de \u201cpeligrosa\u201d la salida de la Argentina de la OMS<\/strong><\/p>\n\n\n\n<p><\/p>\n\n\n\n<p>El Gobierno de Axel Kicillof<strong> cruz\u00f3 la decisi\u00f3n de la administraci\u00f3n de Javier Milei de retirar a la Argentina de la Organizaci\u00f3n Mundial de la Salud<\/strong> (OMS) al advertir que <strong>es \u201cpeligroso\u201d <\/strong>y \u201c<strong>ampl\u00eda el negacionismo contra la ciencia\u201d.<\/strong><\/p>\n\n\n\n<p><\/p>\n\n\n\n<p>As\u00ed lo dijo el ministro de Salud bonaerense, <strong>Nicol\u00e1s Kreplak,<\/strong> quien apunt\u00f3 duras cr\u00edticas a la gesti\u00f3n libertaria y denunci\u00f3 que las decisiones del Gobierno de Milei fueron <strong>\u201cescritas y hechas a medida por el Ministro de Salud de Estados Unidos\u201d.<\/strong><\/p>\n\n\n\n<p><\/p>\n\n\n\n<blockquote class=\"wp-block-quote is-layout-flow wp-block-quote-is-layout-flow\">\n<p>\u201cLo anunciado por el Gobierno nacional en materia de salud en la tarde de ayer es peligroso, amplia el negacionismo contra la ciencia y contin\u00faa mintiendo sobre el rol, funciones y objetivos de la OMS\u201d, cuestion\u00f3 Kreplak en la red social X, y agreg\u00f3: \u201cEs un combo del cual no obtenemos nada positivo, asumiendo much\u00edsimo riesgo para nuestro pueblo y perdi\u00e9ndonos mejoras para el sistema de salud\u201d.<\/p>\n<\/blockquote>\n\n\n\n<p><\/p>\n\n\n\n<p>Para el dirigente, las medidas fueron \u201c<strong>escritas y hechas<\/strong>\u201d en sinton\u00eda con lo que quiere el ministro de Salud de Estados Unidos, <strong>Robert F. Kennedy Jr<\/strong>., <strong><em>\u201cun reconocido antivacunas que pone en riesgo a todo su pa\u00eds con un brote de sarampi\u00f3n que ya est\u00e1 costando vidas\u201d.<\/em><\/strong><\/p>\n\n\n\n<p><\/p>\n\n\n\n<blockquote class=\"wp-block-quote is-layout-flow wp-block-quote-is-layout-flow\">\n<p>En ese sentido, agreg\u00f3: \u201cNo podemos permitir que la ciencia se ponga en duda y que se pretenda retroceder a per\u00edodos oscuros. Todas las vacunas que usamos son seguras, confiables y funcionan. Pero quiero dejar esto bien en claro: hacer estudios contra placebo, existiendo medidas seguras y beneficiosas, expone al riesgo a la poblaci\u00f3n control. Es un crimen y est\u00e1 penado en todo el mundo\u201d.<\/p>\n<\/blockquote>\n\n\n\n<p><\/p>\n\n\n\n<p>Asimismo, Kreplak pidi\u00f3 no destruir lo que existe y reemplazarlo \u201ccon nada\u201d. \u201c<strong>Nos sacaron de la OMS, sin ning\u00fan provecho y dej\u00e1ndonos aislados del mundo sanitario, del cual nos perdemos invaluable informaci\u00f3n\u201d.<\/strong><\/p>\n\n\n\n<p><\/p>\n\n\n\n<p>\u201cTenemos que integrar el sistema de salud. Los municipios, las provincias, pero tambi\u00e9n la naci\u00f3n, tenemos responsabilidades y hay que articularlos m\u00e1s. Tambi\u00e9n el sector privado y la seguridad social. El sistema de salud tiene que buscar mejorar el cuidado de la salud y el proceso de salud \u2013 enfermedad \u2013 atenci\u00f3n, para que lo principal sea que precisa cada persona y sus comunidades, y no donde vive o cu\u00e1nto dinero tiene\u201d cerr\u00f3 Kreplak. <\/p>\n\n\n\n<p><\/p>\n\n\n\n<p><em>Fuente: DIB<\/em><\/p>\n\n\n\n<p><\/p>\n","protected":false},"excerpt":{"rendered":"<p>Fue tras una reuni\u00f3n con autoridades de Estados Unidos. La reforma pondr\u00e1 el foco en la prevenci\u00f3n, la evidencia cient\u00edfica<\/p>\n","protected":false},"author":6,"featured_media":151104,"comment_status":"closed","ping_status":"closed","sticky":false,"template":"","format":"standard","meta":{"_jetpack_memberships_contains_paid_content":false,"footnotes":""},"categories":[6,1],"tags":[],"class_list":["post-172608","post","type-post","status-publish","format-standard","has-post-thumbnail","hentry","category-nacionales","category-portada"],"jetpack_featured_media_url":"https:\/\/i0.wp.com\/cdnoticias.com\/wp-content\/uploads\/2025\/02\/oms-organizacion-mundial-de-la-salud.jpg?fit=800%2C492&ssl=1","jetpack_sharing_enabled":true,"_links":{"self":[{"href":"https:\/\/cdnoticias.com\/index.php\/wp-json\/wp\/v2\/posts\/172608","targetHints":{"allow":["GET"]}}],"collection":[{"href":"https:\/\/cdnoticias.com\/index.php\/wp-json\/wp\/v2\/posts"}],"about":[{"href":"https:\/\/cdnoticias.com\/index.php\/wp-json\/wp\/v2\/types\/post"}],"author":[{"embeddable":true,"href":"https:\/\/cdnoticias.com\/index.php\/wp-json\/wp\/v2\/users\/6"}],"replies":[{"embeddable":true,"href":"https:\/\/cdnoticias.com\/index.php\/wp-json\/wp\/v2\/comments?post=172608"}],"version-history":[{"count":0,"href":"https:\/\/cdnoticias.com\/index.php\/wp-json\/wp\/v2\/posts\/172608\/revisions"}],"wp:featuredmedia":[{"embeddable":true,"href":"https:\/\/cdnoticias.com\/index.php\/wp-json\/wp\/v2\/media\/151104"}],"wp:attachment":[{"href":"https:\/\/cdnoticias.com\/index.php\/wp-json\/wp\/v2\/media?parent=172608"}],"wp:term":[{"taxonomy":"category","embeddable":true,"href":"https:\/\/cdnoticias.com\/index.php\/wp-json\/wp\/v2\/categories?post=172608"},{"taxonomy":"post_tag","embeddable":true,"href":"https:\/\/cdnoticias.com\/index.php\/wp-json\/wp\/v2\/tags?post=172608"}],"curies":[{"name":"wp","href":"https:\/\/api.w.org\/{rel}","templated":true}]}}