{"id":172600,"date":"2025-05-28T16:37:16","date_gmt":"2025-05-28T19:37:16","guid":{"rendered":"https:\/\/cdnoticias.com\/?p=172600"},"modified":"2025-05-28T16:37:19","modified_gmt":"2025-05-28T19:37:19","slug":"maria-yolanda-tenaglia-de-giordano-mari-q-e-p-d","status":"publish","type":"post","link":"https:\/\/cdnoticias.com\/index.php\/2025\/05\/28\/maria-yolanda-tenaglia-de-giordano-mari-q-e-p-d\/","title":{"rendered":"Mar\u00eda Yolanda Tenaglia de Giordano &#8220;Mari&#8221; (Q.E.P.D.)"},"content":{"rendered":"\n<hr class=\"wp-block-separator aligncenter has-alpha-channel-opacity\"\/>\n\n\n\n<p>Falleci\u00f3 en Olavarr\u00eda el 28 de mayo de 2025 a los 74 a\u00f1os. Su esposo Jos\u00e9 Hugo Giordano, sus hijos, su nieta y dem\u00e1s deudos participan su fallecimiento.<\/p>\n\n\n\n<p>Sus restos son velados en la sala de Espa\u00f1a 2942, departamento \u201cD\u201d, el jueves 29 de mayo de 9:00 a 11:30 horas. El responso se realiza en la capilla ardiente y la inhumaci\u00f3n tendr\u00e1 lugar en el Cementerio Loma de Paz a las 11:30 horas. Servicio adherido a Coopelectric.<\/p>\n\n\n\n<p>Nacida en Cinco Saltos, R\u00edo Negro. Vecina de Villa Floresta. Jubilada.<\/p>\n\n\n\n<p><\/p>\n","protected":false},"excerpt":{"rendered":"<p>Falleci\u00f3 en Olavarr\u00eda el 28 de mayo de 2025 a los 74 a\u00f1os. Su esposo Jos\u00e9 Hugo Giordano, sus hijos,<\/p>\n","protected":false},"author":2,"featured_media":100390,"comment_status":"closed","ping_status":"closed","sticky":false,"template":"","format":"standard","meta":{"_jetpack_memberships_contains_paid_content":false,"footnotes":""},"categories":[10],"tags":[],"class_list":["post-172600","post","type-post","status-publish","format-standard","has-post-thumbnail","hentry","category-necrologicas"],"jetpack_featured_media_url":"https:\/\/i0.wp.com\/cdnoticias.com\/wp-content\/uploads\/2023\/10\/necrologicas-390-x-240.jpg?fit=390%2C240&ssl=1","jetpack_sharing_enabled":true,"_links":{"self":[{"href":"https:\/\/cdnoticias.com\/index.php\/wp-json\/wp\/v2\/posts\/172600","targetHints":{"allow":["GET"]}}],"collection":[{"href":"https:\/\/cdnoticias.com\/index.php\/wp-json\/wp\/v2\/posts"}],"about":[{"href":"https:\/\/cdnoticias.com\/index.php\/wp-json\/wp\/v2\/types\/post"}],"author":[{"embeddable":true,"href":"https:\/\/cdnoticias.com\/index.php\/wp-json\/wp\/v2\/users\/2"}],"replies":[{"embeddable":true,"href":"https:\/\/cdnoticias.com\/index.php\/wp-json\/wp\/v2\/comments?post=172600"}],"version-history":[{"count":0,"href":"https:\/\/cdnoticias.com\/index.php\/wp-json\/wp\/v2\/posts\/172600\/revisions"}],"wp:featuredmedia":[{"embeddable":true,"href":"https:\/\/cdnoticias.com\/index.php\/wp-json\/wp\/v2\/media\/100390"}],"wp:attachment":[{"href":"https:\/\/cdnoticias.com\/index.php\/wp-json\/wp\/v2\/media?parent=172600"}],"wp:term":[{"taxonomy":"category","embeddable":true,"href":"https:\/\/cdnoticias.com\/index.php\/wp-json\/wp\/v2\/categories?post=172600"},{"taxonomy":"post_tag","embeddable":true,"href":"https:\/\/cdnoticias.com\/index.php\/wp-json\/wp\/v2\/tags?post=172600"}],"curies":[{"name":"wp","href":"https:\/\/api.w.org\/{rel}","templated":true}]}}