{"id":172595,"date":"2025-05-28T16:31:42","date_gmt":"2025-05-28T19:31:42","guid":{"rendered":"https:\/\/cdnoticias.com\/?p=172595"},"modified":"2025-05-28T18:24:27","modified_gmt":"2025-05-28T21:24:27","slug":"barrio-por-barrio-se-desplego-en-mariano-moreno-y-roca-merlo","status":"publish","type":"post","link":"https:\/\/cdnoticias.com\/index.php\/2025\/05\/28\/barrio-por-barrio-se-desplego-en-mariano-moreno-y-roca-merlo\/","title":{"rendered":"\u201cBarrio por Barrio\u201d se despleg\u00f3 en Mariano Moreno y Roca Merlo"},"content":{"rendered":"\n<p>El programa municipal tuvo como punto de encuentro la esquina de Brown y avenida Sarmiento. Hubo atenci\u00f3n sanitaria, asesoramiento, dispositivos puerta a puerta y tareas de mantenimiento urbano.<\/p>\n\n\n\n<hr class=\"wp-block-separator aligncenter has-alpha-channel-opacity\"\/>\n\n\n\n<p>Una nueva jornada del programa<strong> \u201cBarrio por Barrio\u201d se llev\u00f3 adelante durante la ma\u00f1ana de este mi\u00e9rcoles en los barrios Mariano Moreno y Roca Merlo. <\/strong>El dispositivo de abordaje territorial integral fue encabezado por el<strong> intendente Wesner, quien particip\u00f3 activamente desde las 09:30 horas, cuando comenz\u00f3 la actividad con base en la intersecci\u00f3n de Brown y avenida Sarmiento.<\/strong><\/p>\n\n\n\n<blockquote class=\"wp-block-quote is-layout-flow wp-block-quote-is-layout-flow\">\n<p>All\u00ed se instalaron diferentes stands municipales que ofrecieron atenci\u00f3n directa a vecinos y vecinas de la zona, quienes pudieron realizar tr\u00e1mites, evacuar dudas y acceder a servicios de diversas \u00e1reas.<\/p>\n<\/blockquote>\n\n\n\n<p>La propuesta incluy\u00f3 la <strong>aplicaci\u00f3n de vacunas contempladas en el Calendario Nacional (antigripal, ingreso escolar, para adultos mayores, adolescentes, embarazadas y ni\u00f1os), junto con asesoramiento m\u00e9dico de atenci\u00f3n primaria.<\/strong> Tambi\u00e9n hubo atenci\u00f3n en temas de regularizaci\u00f3n dominial, defensa del consumidor, y vacunaci\u00f3n canina y felina a cargo del \u00e1rea de Bromatolog\u00eda. Se sum\u00f3 adem\u00e1s el stand de libros \u201cMis Derechos en Juego\u201d, de la Subsecretar\u00eda de Protecci\u00f3n Integral de Derechos.<\/p>\n\n\n\n<figure class=\"wp-block-image size-large\"><img data-recalc-dims=\"1\" loading=\"lazy\" decoding=\"async\" width=\"800\" height=\"600\" src=\"https:\/\/i0.wp.com\/cdnoticias.com\/wp-content\/uploads\/2025\/05\/BxB-MM-RM-4-scaled-1.jpeg?resize=800%2C600&#038;ssl=1\" alt=\"\" class=\"wp-image-172596\" srcset=\"https:\/\/i0.wp.com\/cdnoticias.com\/wp-content\/uploads\/2025\/05\/BxB-MM-RM-4-scaled-1.jpeg?resize=1024%2C768&amp;ssl=1 1024w, https:\/\/i0.wp.com\/cdnoticias.com\/wp-content\/uploads\/2025\/05\/BxB-MM-RM-4-scaled-1.jpeg?resize=300%2C225&amp;ssl=1 300w, https:\/\/i0.wp.com\/cdnoticias.com\/wp-content\/uploads\/2025\/05\/BxB-MM-RM-4-scaled-1.jpeg?resize=768%2C576&amp;ssl=1 768w, https:\/\/i0.wp.com\/cdnoticias.com\/wp-content\/uploads\/2025\/05\/BxB-MM-RM-4-scaled-1.jpeg?resize=1536%2C1152&amp;ssl=1 1536w, https:\/\/i0.wp.com\/cdnoticias.com\/wp-content\/uploads\/2025\/05\/BxB-MM-RM-4-scaled-1.jpeg?resize=2048%2C1536&amp;ssl=1 2048w, https:\/\/i0.wp.com\/cdnoticias.com\/wp-content\/uploads\/2025\/05\/BxB-MM-RM-4-scaled-1.jpeg?w=1600&amp;ssl=1 1600w, https:\/\/i0.wp.com\/cdnoticias.com\/wp-content\/uploads\/2025\/05\/BxB-MM-RM-4-scaled-1.jpeg?w=2400&amp;ssl=1 2400w\" sizes=\"auto, (max-width: 800px) 100vw, 800px\" \/><\/figure>\n\n\n\n<p>Simult\u00e1neamente, se realiz\u00f3 el <strong>habitual recorrido casa por casa con el objetivo de dialogar con vecinos, registrar inquietudes y derivarlas a las \u00e1reas correspondientes.<\/strong> Del mismo participaron el jefe comunal y funcionarios del gabinete municipal.<\/p>\n\n\n\n<p>En paralelo, se llevaron a cabo<strong> tareas de limpieza, mantenimiento de calles y espacios p\u00fablicos, en conjunto con Coopelectric y Transportes Malvinas, dando respuestas concretas a problem\u00e1ticas urbanas.<\/strong><\/p>\n\n\n\n<figure class=\"wp-block-image size-large\"><img data-recalc-dims=\"1\" loading=\"lazy\" decoding=\"async\" width=\"800\" height=\"600\" src=\"https:\/\/i0.wp.com\/cdnoticias.com\/wp-content\/uploads\/2025\/05\/BxB-MM-RM-5-scaled-1.jpeg?resize=800%2C600&#038;ssl=1\" alt=\"\" class=\"wp-image-172598\" srcset=\"https:\/\/i0.wp.com\/cdnoticias.com\/wp-content\/uploads\/2025\/05\/BxB-MM-RM-5-scaled-1.jpeg?resize=1024%2C768&amp;ssl=1 1024w, https:\/\/i0.wp.com\/cdnoticias.com\/wp-content\/uploads\/2025\/05\/BxB-MM-RM-5-scaled-1.jpeg?resize=300%2C225&amp;ssl=1 300w, https:\/\/i0.wp.com\/cdnoticias.com\/wp-content\/uploads\/2025\/05\/BxB-MM-RM-5-scaled-1.jpeg?resize=768%2C576&amp;ssl=1 768w, https:\/\/i0.wp.com\/cdnoticias.com\/wp-content\/uploads\/2025\/05\/BxB-MM-RM-5-scaled-1.jpeg?resize=1536%2C1152&amp;ssl=1 1536w, https:\/\/i0.wp.com\/cdnoticias.com\/wp-content\/uploads\/2025\/05\/BxB-MM-RM-5-scaled-1.jpeg?resize=2048%2C1536&amp;ssl=1 2048w, https:\/\/i0.wp.com\/cdnoticias.com\/wp-content\/uploads\/2025\/05\/BxB-MM-RM-5-scaled-1.jpeg?w=1600&amp;ssl=1 1600w, https:\/\/i0.wp.com\/cdnoticias.com\/wp-content\/uploads\/2025\/05\/BxB-MM-RM-5-scaled-1.jpeg?w=2400&amp;ssl=1 2400w\" sizes=\"auto, (max-width: 800px) 100vw, 800px\" \/><\/figure>\n\n\n\n<p>\u201cBarrio por Barrio\u201d contin\u00faa con su enfoque territorial integral, que incluye la participaci\u00f3n activa del intendente, su equipo de gobierno y personal de distintas \u00e1reas como Salud, Educaci\u00f3n, Protecci\u00f3n Ciudadana, Obras P\u00fablicas, Desarrollo de la Comunidad, Defensa al Consumidor y Asuntos Legales.<\/p>\n","protected":false},"excerpt":{"rendered":"<p>El programa municipal tuvo como punto de encuentro la esquina de Brown y avenida Sarmiento. Hubo atenci\u00f3n sanitaria, asesoramiento, dispositivos<\/p>\n","protected":false},"author":2,"featured_media":172597,"comment_status":"closed","ping_status":"closed","sticky":false,"template":"","format":"standard","meta":{"_jetpack_memberships_contains_paid_content":false,"footnotes":""},"categories":[5,1],"tags":[],"class_list":["post-172595","post","type-post","status-publish","format-standard","has-post-thumbnail","hentry","category-informacion-general","category-portada"],"jetpack_featured_media_url":"https:\/\/i0.wp.com\/cdnoticias.com\/wp-content\/uploads\/2025\/05\/BxB-MM-RM-3-scaled-1.jpeg?fit=2560%2C1920&ssl=1","jetpack_sharing_enabled":true,"_links":{"self":[{"href":"https:\/\/cdnoticias.com\/index.php\/wp-json\/wp\/v2\/posts\/172595","targetHints":{"allow":["GET"]}}],"collection":[{"href":"https:\/\/cdnoticias.com\/index.php\/wp-json\/wp\/v2\/posts"}],"about":[{"href":"https:\/\/cdnoticias.com\/index.php\/wp-json\/wp\/v2\/types\/post"}],"author":[{"embeddable":true,"href":"https:\/\/cdnoticias.com\/index.php\/wp-json\/wp\/v2\/users\/2"}],"replies":[{"embeddable":true,"href":"https:\/\/cdnoticias.com\/index.php\/wp-json\/wp\/v2\/comments?post=172595"}],"version-history":[{"count":0,"href":"https:\/\/cdnoticias.com\/index.php\/wp-json\/wp\/v2\/posts\/172595\/revisions"}],"wp:featuredmedia":[{"embeddable":true,"href":"https:\/\/cdnoticias.com\/index.php\/wp-json\/wp\/v2\/media\/172597"}],"wp:attachment":[{"href":"https:\/\/cdnoticias.com\/index.php\/wp-json\/wp\/v2\/media?parent=172595"}],"wp:term":[{"taxonomy":"category","embeddable":true,"href":"https:\/\/cdnoticias.com\/index.php\/wp-json\/wp\/v2\/categories?post=172595"},{"taxonomy":"post_tag","embeddable":true,"href":"https:\/\/cdnoticias.com\/index.php\/wp-json\/wp\/v2\/tags?post=172595"}],"curies":[{"name":"wp","href":"https:\/\/api.w.org\/{rel}","templated":true}]}}