{"id":172588,"date":"2025-05-28T16:08:18","date_gmt":"2025-05-28T19:08:18","guid":{"rendered":"https:\/\/cdnoticias.com\/?p=172588"},"modified":"2025-05-28T16:59:37","modified_gmt":"2025-05-28T19:59:37","slug":"la-facultad-de-ingenieria-va-a-elecciones-con-dos-listas-en-pugna","status":"publish","type":"post","link":"https:\/\/cdnoticias.com\/index.php\/2025\/05\/28\/la-facultad-de-ingenieria-va-a-elecciones-con-dos-listas-en-pugna\/","title":{"rendered":"La Facultad de Ingenier\u00eda va a elecciones con dos listas en pugna"},"content":{"rendered":"\n<p>La actual decana Mar\u00eda Peralta buscar\u00e1 la reelecci\u00f3n en el cargo. En tanto, hubo presentaci\u00f3n de una alternativa encabezada por Bettina Bravo y referenciada en el espacio ConFio.<\/p>\n\n\n\n<hr class=\"wp-block-separator has-alpha-channel-opacity\"\/>\n\n\n\n<p>El pr\u00f3ximo<strong> viernes 30 de mayo<\/strong> se realizar\u00e1n<strong> elecciones en la Facultad de Ingenier\u00eda de la UNICEN<\/strong>. Por un lado,<strong> la actual decana Mar\u00eda Peralta buscar\u00e1 reelegir en el cargo, acompa\u00f1ada de Silvana Gobbi como candidata a vicedecana.<\/strong> En tanto,<strong> se present\u00f3 una alternativa encabezada por Bettina Bravo y Gast\u00f3n Barreto, <\/strong>para disputar la conducci\u00f3n de la casa de altos estudios.<\/p>\n\n\n\n<p><\/p>\n\n\n\n<p>Las candidatas hablaron con el programa <strong>Levantate por Radio Sapiens (FM 102.7) <\/strong>y desarrollaron la visi\u00f3n sobre la Facultad de Ingenier\u00eda y sus propuestas.<\/p>\n\n\n\n<p><\/p>\n\n\n\n<p><strong>Mar\u00eda Peralta<\/strong>, se\u00f1al\u00f3 que las propuestas \u201cson continuidad de lo que venimos haciendo\u201d y destac\u00f3 que \u201cvenimos desarrollando un proyecto de gesti\u00f3n a partir de una planificaci\u00f3n estrat\u00e9gica que amerita continuidad en varios aspectos. Nosotros proponemos un proyecto que revaloriza la historia, que <strong>revaloriza los 55 a\u00f1os de historia de la Facultad de Ingenier\u00eda,<\/strong> de la cual hemos sido parte en algunos periodos y fundamentalmente en este \u00faltimo protagonista en el decanato\u201d.<\/p>\n\n\n\n<p><\/p>\n\n\n\n<figure class=\"wp-block-image size-full\"><img data-recalc-dims=\"1\" loading=\"lazy\" decoding=\"async\" width=\"800\" height=\"445\" src=\"https:\/\/i0.wp.com\/cdnoticias.com\/wp-content\/uploads\/2025\/03\/inauguracion-edificio-agrimensura-FIO-unicen-11-maria-peralta.jpg?resize=800%2C445&#038;ssl=1\" alt=\"\" class=\"wp-image-167692\" srcset=\"https:\/\/i0.wp.com\/cdnoticias.com\/wp-content\/uploads\/2025\/03\/inauguracion-edificio-agrimensura-FIO-unicen-11-maria-peralta.jpg?w=1000&amp;ssl=1 1000w, https:\/\/i0.wp.com\/cdnoticias.com\/wp-content\/uploads\/2025\/03\/inauguracion-edificio-agrimensura-FIO-unicen-11-maria-peralta.jpg?resize=300%2C167&amp;ssl=1 300w, https:\/\/i0.wp.com\/cdnoticias.com\/wp-content\/uploads\/2025\/03\/inauguracion-edificio-agrimensura-FIO-unicen-11-maria-peralta.jpg?resize=768%2C427&amp;ssl=1 768w, https:\/\/i0.wp.com\/cdnoticias.com\/wp-content\/uploads\/2025\/03\/inauguracion-edificio-agrimensura-FIO-unicen-11-maria-peralta.jpg?resize=800%2C445&amp;ssl=1 800w\" sizes=\"auto, (max-width: 800px) 100vw, 800px\" \/><\/figure>\n\n\n\n<p><\/p>\n\n\n\n<p>Peralta resalt\u00f3 que el proyecto institucional est\u00e1 guiado por<strong> \u201cla calidad, la inclusi\u00f3n y la pertenencia social.<\/strong> Nosotros configuramos el presente a partir de esa historia, y a partir de esa configuraci\u00f3n del presente hemos generado la propuesta que estamos poniendo en consideraci\u00f3n\u201d en las elecciones de este viernes 30 de mayo.<\/p>\n\n\n\n<p><\/p>\n\n\n\n<p>La candidata a la reelecci\u00f3n valor\u00f3 \u201cla<strong> calidad en la formaci\u00f3n de nuestros recursos <\/strong>y casualmente en este \u00faltimo periodo de gesti\u00f3n hemos actualizado seis planes de estudio que tienen un nuevo modelo de formaci\u00f3n con la flexibilidad y la integralidad que requieren hoy los j\u00f3venes en su formaci\u00f3n y que requiere la demanda del medio\u201d.<\/p>\n\n\n\n<p><\/p>\n\n\n\n<p>Por otra parte, se\u00f1al\u00f3 que \u201cnos motiva y <strong>nos desaf\u00eda trabajar por la inclusi\u00f3n porque entendemos la educaci\u00f3n p\u00fablica como un bien p\u00fablico. <\/strong>Hablamos de inclusi\u00f3n en la formaci\u00f3n, hablamos de inclusi\u00f3n con todo nuestro capital humano en el trabajo, y en ese sentido hablo de los 250 docentes que tenemos, los 42 no docentes que forman nuestra comunidad, m\u00e1s todos los estudiantes que ya est\u00e1n transitados en su formaci\u00f3n\u201d.<\/p>\n\n\n\n<p><\/p>\n\n\n\n<p>\u201cY cuando hablamos de <strong>pertinencia social,<\/strong> que es el tercer eje, hablamos de lo que recogemos cada d\u00eda cuando salimos y hablamos con la Uni\u00f3n Industrial, con el Parque Industrial, con los municipios, con las instituciones intermedias\u201d, concluy\u00f3 Peralta.<\/p>\n\n\n\n<p><\/p>\n\n\n\n<p><strong>ConFio<\/strong><\/p>\n\n\n\n<p><\/p>\n\n\n\n<p><strong>Bettina Bravo es la referente de ConFio, <\/strong>un espacio conformado junto a Gast\u00f3n Barreto, Adriana Sequeira, Luciana Mentasti y Geraldina Roak. Se presentaron como una \u201calternativa distinta de gesti\u00f3n, de distintos objetivos y con una visi\u00f3n distinta de universidad\u201d.<\/p>\n\n\n\n<p><\/p>\n\n\n\n<p>Bravo calific\u00f3 el momento actual como \u201chist\u00f3rico\u201d puesto que \u201c<strong>hace muchos a\u00f1os que no hay dos listas y esto nos permite celebrar la democracia.<\/strong> Estamos muy contentos y muy entusiasmados porque hemos generado una propuesta que consideramos innovadora\u201d.<\/p>\n\n\n\n<p><\/p>\n\n\n\n<figure class=\"wp-block-image size-full\"><img data-recalc-dims=\"1\" loading=\"lazy\" decoding=\"async\" width=\"800\" height=\"446\" src=\"https:\/\/i0.wp.com\/cdnoticias.com\/wp-content\/uploads\/2025\/04\/facultad-de-ingenieria-Equipo-ConFIO-Elecciones-2025.jpg?resize=800%2C446&#038;ssl=1\" alt=\"\" class=\"wp-image-169474\" srcset=\"https:\/\/i0.wp.com\/cdnoticias.com\/wp-content\/uploads\/2025\/04\/facultad-de-ingenieria-Equipo-ConFIO-Elecciones-2025.jpg?w=1000&amp;ssl=1 1000w, https:\/\/i0.wp.com\/cdnoticias.com\/wp-content\/uploads\/2025\/04\/facultad-de-ingenieria-Equipo-ConFIO-Elecciones-2025.jpg?resize=300%2C167&amp;ssl=1 300w, https:\/\/i0.wp.com\/cdnoticias.com\/wp-content\/uploads\/2025\/04\/facultad-de-ingenieria-Equipo-ConFIO-Elecciones-2025.jpg?resize=768%2C428&amp;ssl=1 768w, https:\/\/i0.wp.com\/cdnoticias.com\/wp-content\/uploads\/2025\/04\/facultad-de-ingenieria-Equipo-ConFIO-Elecciones-2025.jpg?resize=800%2C445&amp;ssl=1 800w\" sizes=\"auto, (max-width: 800px) 100vw, 800px\" \/><\/figure>\n\n\n\n<p><\/p>\n\n\n\n<p>En ese sentido, destac\u00f3 que ven a la Facultad de Ingenier\u00eda \u201c<strong>un poco estancada en el siglo pasado<\/strong>\u201d y buscan \u201cque <strong>sea mucho m\u00e1s inclusiva,<\/strong> que forme profesionales capaces de insertarse en el mundo actual con empat\u00eda, con solidaridad. Buscamos que la Facultad de Ingenier\u00eda abra sus puertas para poder trabajar de forma conjunta con distintos sectores sociales, municipales, industriales, de instituciones educativas preuniversitarias\u201d.<\/p>\n\n\n\n<p><\/p>\n\n\n\n<p>\u201c<strong>No concebimos que no estemos participando en discusiones de pol\u00edticas p\u00fablicas, por ejemplo.<\/strong> Nos hemos reunido con todos los integrantes de la FIO y con todos los claustros, pero tambi\u00e9n con organizaciones sociales, industriales, la propia municipalidad y sectores de la educaci\u00f3n pre-universitaria\u201d, indic\u00f3 Bravo y agreg\u00f3: \u201cbuscamos romper las invisibles barreras que nos separan del medio para que el conocimiento que se construye en esta universidad p\u00fablica pueda ser \u00fatil para <strong>atender a los problemas sociales, pero sobre todo impulsar desarrollos en la universidad, en la regi\u00f3n<\/strong>\u201d.<\/p>\n","protected":false},"excerpt":{"rendered":"<p>La actual decana Mar\u00eda Peralta buscar\u00e1 la reelecci\u00f3n en el cargo. En tanto, hubo presentaci\u00f3n de una alternativa encabezada por<\/p>\n","protected":false},"author":5,"featured_media":3943,"comment_status":"closed","ping_status":"closed","sticky":false,"template":"","format":"standard","meta":{"_jetpack_memberships_contains_paid_content":false,"footnotes":""},"categories":[4,1],"tags":[],"class_list":["post-172588","post","type-post","status-publish","format-standard","has-post-thumbnail","hentry","category-politica","category-portada"],"jetpack_featured_media_url":"https:\/\/i0.wp.com\/cdnoticias.com\/wp-content\/uploads\/2020\/10\/facultadingenieria.jpg?fit=500%2C231&ssl=1","jetpack_sharing_enabled":true,"_links":{"self":[{"href":"https:\/\/cdnoticias.com\/index.php\/wp-json\/wp\/v2\/posts\/172588","targetHints":{"allow":["GET"]}}],"collection":[{"href":"https:\/\/cdnoticias.com\/index.php\/wp-json\/wp\/v2\/posts"}],"about":[{"href":"https:\/\/cdnoticias.com\/index.php\/wp-json\/wp\/v2\/types\/post"}],"author":[{"embeddable":true,"href":"https:\/\/cdnoticias.com\/index.php\/wp-json\/wp\/v2\/users\/5"}],"replies":[{"embeddable":true,"href":"https:\/\/cdnoticias.com\/index.php\/wp-json\/wp\/v2\/comments?post=172588"}],"version-history":[{"count":0,"href":"https:\/\/cdnoticias.com\/index.php\/wp-json\/wp\/v2\/posts\/172588\/revisions"}],"wp:featuredmedia":[{"embeddable":true,"href":"https:\/\/cdnoticias.com\/index.php\/wp-json\/wp\/v2\/media\/3943"}],"wp:attachment":[{"href":"https:\/\/cdnoticias.com\/index.php\/wp-json\/wp\/v2\/media?parent=172588"}],"wp:term":[{"taxonomy":"category","embeddable":true,"href":"https:\/\/cdnoticias.com\/index.php\/wp-json\/wp\/v2\/categories?post=172588"},{"taxonomy":"post_tag","embeddable":true,"href":"https:\/\/cdnoticias.com\/index.php\/wp-json\/wp\/v2\/tags?post=172588"}],"curies":[{"name":"wp","href":"https:\/\/api.w.org\/{rel}","templated":true}]}}