{"id":172563,"date":"2025-05-28T09:13:55","date_gmt":"2025-05-28T12:13:55","guid":{"rendered":"https:\/\/cdnoticias.com\/?p=172563"},"modified":"2025-05-28T16:08:42","modified_gmt":"2025-05-28T19:08:42","slug":"llega-un-frente-de-aire-polar-minimas-menores-a-5-grados-en-olavarria","status":"publish","type":"post","link":"https:\/\/cdnoticias.com\/index.php\/2025\/05\/28\/llega-un-frente-de-aire-polar-minimas-menores-a-5-grados-en-olavarria\/","title":{"rendered":"Llega un frente de aire polar: m\u00ednimas menores a 5 grados en Olavarr\u00eda"},"content":{"rendered":"<p>La m\u00ednima de este mi\u00e9rcoles fue de 2,3\u00ba a las 8.15, aunque la sensaci\u00f3n t\u00e9rmica era de -0,8\u00ba. El pron\u00f3stico hasta el s\u00e1bado muestra el notable descenso de temperaturas. El invierno meteorol\u00f3gico comenzar\u00e1 el domingo.<\/p>\n<hr \/>\n<p><!--more-->El <strong>Servicio Meteorol\u00f3gico Nacional (SMN)<\/strong> pronostic\u00f3 <strong>bajas temperaturas para el centro del pa\u00eds<\/strong> para los pr\u00f3ximos d\u00edas.<\/p>\n<p>Despu\u00e9s de las precipitaciones y tormentas, <strong>el ingreso de un frente fr\u00edo gener\u00f3 fuertes r\u00e1fagas en el norte y centro del pa\u00eds<\/strong> que provoc\u00f3 el descenso de las marcas t\u00e9rmicas.<\/p>\n<blockquote><p>Este giro producir\u00e1 m\u00ednimas de menos de cinco grados, sobre todo en los distritos del centro de la provincia de Buenos Aires, con heladas matinales durante varios d\u00edas consecutivos y, en algunos puntos espec\u00edficos, marcas bajo cero.<\/p><\/blockquote>\n<p>El ingreso de esta masa de aire helado ser\u00e1 la bienvenida oficial al<strong> invierno meteorol\u00f3gico, que inicia el 1\u00ba de junio<\/strong>. El solsticio, que marcar\u00e1 el <em>comienzo de la estaci\u00f3n astron\u00f3mica, se espera para el 20 de junio a las 23:42 hora argentina<\/em>.<\/p>\n<h3>En Olavarr\u00eda<\/h3>\n<p>Para este <strong>mi\u00e9rcoles<\/strong> se pronostic\u00f3 una <strong>m\u00ednima de 2\u00ba y una m\u00e1xima de 10\u00ba<\/strong>.<\/p>\n<blockquote><p>La Estaci\u00f3n Meteorol\u00f3gica local inform\u00f3 que la m\u00ednima de la jornada fue de 2,3\u00ba a las 8.15 mientras que la sensaci\u00f3n t\u00e9rmica era de -0,8\u00ba. \u00a0El registro de precipitaci\u00f3n es de 0.2 mm.<\/p><\/blockquote>\n<p>Desde el SMN, una leve mejora se pronostic\u00f3 para el <strong>jueves: 4\u00ba de m\u00ednima y 12\u00ba de m\u00e1xima<\/strong>. En ambos d\u00edas se espera el cielo parcialmente nublado.<\/p>\n<p>El<strong> viernes<\/strong>, con cielo algo nublado, bajar\u00e1 la<strong> m\u00ednima a 2\u00ba y ascender\u00e1 a 12\u00ba la m\u00e1xima<\/strong>. En tanto, el <strong>s\u00e1bado<\/strong> la<strong> m\u00ednima llegar\u00e1 a 3\u00ba y la m\u00e1xima a 12\u00ba<\/strong>.<\/p>\n<p>Para el <strong>domingo<\/strong> las marcas tendr\u00e1n un ascenso:<strong> 6\u00ba de m\u00ednima y 13\u00ba de m\u00e1xima<\/strong>.<\/p>\n<p>Fuente: <em>con datos de SMN y Agencia DIB<\/em><\/p>\n","protected":false},"excerpt":{"rendered":"<p>La m\u00ednima de este mi\u00e9rcoles fue de 2,3\u00ba a las 8.15, aunque la sensaci\u00f3n t\u00e9rmica era de -0,8\u00ba. El pron\u00f3stico<\/p>\n","protected":false},"author":4,"featured_media":120082,"comment_status":"closed","ping_status":"closed","sticky":false,"template":"","format":"standard","meta":{"_jetpack_memberships_contains_paid_content":false,"footnotes":""},"categories":[5,1],"tags":[],"class_list":["post-172563","post","type-post","status-publish","format-standard","has-post-thumbnail","hentry","category-informacion-general","category-portada"],"jetpack_featured_media_url":"https:\/\/i0.wp.com\/cdnoticias.com\/wp-content\/uploads\/2024\/07\/frio-invierno-clima-scaled.jpg?fit=2560%2C1424&ssl=1","jetpack_sharing_enabled":true,"_links":{"self":[{"href":"https:\/\/cdnoticias.com\/index.php\/wp-json\/wp\/v2\/posts\/172563","targetHints":{"allow":["GET"]}}],"collection":[{"href":"https:\/\/cdnoticias.com\/index.php\/wp-json\/wp\/v2\/posts"}],"about":[{"href":"https:\/\/cdnoticias.com\/index.php\/wp-json\/wp\/v2\/types\/post"}],"author":[{"embeddable":true,"href":"https:\/\/cdnoticias.com\/index.php\/wp-json\/wp\/v2\/users\/4"}],"replies":[{"embeddable":true,"href":"https:\/\/cdnoticias.com\/index.php\/wp-json\/wp\/v2\/comments?post=172563"}],"version-history":[{"count":0,"href":"https:\/\/cdnoticias.com\/index.php\/wp-json\/wp\/v2\/posts\/172563\/revisions"}],"wp:featuredmedia":[{"embeddable":true,"href":"https:\/\/cdnoticias.com\/index.php\/wp-json\/wp\/v2\/media\/120082"}],"wp:attachment":[{"href":"https:\/\/cdnoticias.com\/index.php\/wp-json\/wp\/v2\/media?parent=172563"}],"wp:term":[{"taxonomy":"category","embeddable":true,"href":"https:\/\/cdnoticias.com\/index.php\/wp-json\/wp\/v2\/categories?post=172563"},{"taxonomy":"post_tag","embeddable":true,"href":"https:\/\/cdnoticias.com\/index.php\/wp-json\/wp\/v2\/tags?post=172563"}],"curies":[{"name":"wp","href":"https:\/\/api.w.org\/{rel}","templated":true}]}}