{"id":172547,"date":"2025-05-27T19:32:37","date_gmt":"2025-05-27T22:32:37","guid":{"rendered":"https:\/\/cdnoticias.com\/?p=172547"},"modified":"2025-05-28T09:18:06","modified_gmt":"2025-05-28T12:18:06","slug":"el-programa-barrio-por-barrio-llega-este-miercoles-a-mariano-moreno-y-roca-merlo","status":"publish","type":"post","link":"https:\/\/cdnoticias.com\/index.php\/2025\/05\/27\/el-programa-barrio-por-barrio-llega-este-miercoles-a-mariano-moreno-y-roca-merlo\/","title":{"rendered":"El programa \u201cBarrio por Barrio\u201d llega este mi\u00e9rcoles a Mariano Moreno y Roca Merlo"},"content":{"rendered":"\n<p>El operativo municipal de atenci\u00f3n integral se desplegar\u00e1 desde las 9:30 en la esquina de Brown y avenida Sarmiento. Habr\u00e1 asesoramiento, atenci\u00f3n m\u00e9dica, vacunaci\u00f3n y servicios puerta a puerta.<\/p>\n\n\n\n<hr class=\"wp-block-separator aligncenter has-alpha-channel-opacity\"\/>\n\n\n\n<p>Este mi\u00e9rcoles el programa<strong> \u201cBarrio por Barrio\u201d llegar\u00e1 a los barrios Mariano Moreno y Roca Merlo<\/strong> con una nueva jornada de abordaje territorial integral. <strong>La iniciativa impulsada por el Municipio tiene como objetivo acercar servicios y respuestas concretas a vecinos y vecinas a trav\u00e9s de un despliegue conjunto de distintas \u00e1reas de la gesti\u00f3n local.<\/strong><\/p>\n\n\n\n<p>El operativo comenzar\u00e1 a las<strong> 9:30 horas en el punto de encuentro ubicado en Brown y avenida Sarmiento, donde se dispondr\u00e1n puestos de atenci\u00f3n para que la comunidad pueda acercarse a realizar consultas, iniciar tr\u00e1mites y recibir asesoramiento.<\/strong><\/p>\n\n\n\n<p>Entre los servicios que se ofrecer\u00e1n se encuentran: <strong>atenci\u00f3n m\u00e9dica, vacunaci\u00f3n para personas, vacunaci\u00f3n de perros y gatos, asesoramiento en Defensa del Consumidor, Relaciones Vecinales, Casa de Tierra y Regularizaci\u00f3n Dominial.<\/strong> Tambi\u00e9n habr\u00e1 inscripci\u00f3n a programas municipales como Maternales, Centros de D\u00eda, Envi\u00f3n y Callejeadas.<\/p>\n\n\n\n<p>Adem\u00e1s del dispositivo fijo, <strong>equipos municipales recorrer\u00e1n los barrios casa por casa para relevar inquietudes, escuchar demandas y brindar informaci\u00f3n \u00fatil, que ser\u00e1 canalizada hacia las \u00e1reas correspondientes para su seguimiento.<\/strong><\/p>\n\n\n\n<p>Durante la jornada tambi\u00e9n se llevar\u00e1n adelante<strong> tareas de limpieza, mantenimiento de calles y mejoras en espacios p\u00fablicos. Para ello, se trabajar\u00e1 de manera articulada con personal municipal y de empresas prestadoras de servicios como Coopelectric y Transportes Malvinas.<\/strong><\/p>\n\n\n\n<p>Estas jornadas cuentan con la presencia del intendente y funcionarios del gabinete, junto con representantes de \u00e1reas como Salud, Educaci\u00f3n, Protecci\u00f3n Ciudadana, Obras P\u00fablicas, Desarrollo de la Comunidad y Asuntos Legales, entre otras.<\/p>\n\n\n\n<p><\/p>\n","protected":false},"excerpt":{"rendered":"<p>El operativo municipal de atenci\u00f3n integral se desplegar\u00e1 desde las 9:30 en la esquina de Brown y avenida Sarmiento. Habr\u00e1<\/p>\n","protected":false},"author":2,"featured_media":167531,"comment_status":"closed","ping_status":"closed","sticky":false,"template":"","format":"standard","meta":{"_jetpack_memberships_contains_paid_content":false,"footnotes":""},"categories":[5,1],"tags":[],"class_list":["post-172547","post","type-post","status-publish","format-standard","has-post-thumbnail","hentry","category-informacion-general","category-portada"],"jetpack_featured_media_url":"https:\/\/i0.wp.com\/cdnoticias.com\/wp-content\/uploads\/2025\/03\/barrio-x-barrio-servicio-territorial-1.jpg?fit=900%2C600&ssl=1","jetpack_sharing_enabled":true,"_links":{"self":[{"href":"https:\/\/cdnoticias.com\/index.php\/wp-json\/wp\/v2\/posts\/172547","targetHints":{"allow":["GET"]}}],"collection":[{"href":"https:\/\/cdnoticias.com\/index.php\/wp-json\/wp\/v2\/posts"}],"about":[{"href":"https:\/\/cdnoticias.com\/index.php\/wp-json\/wp\/v2\/types\/post"}],"author":[{"embeddable":true,"href":"https:\/\/cdnoticias.com\/index.php\/wp-json\/wp\/v2\/users\/2"}],"replies":[{"embeddable":true,"href":"https:\/\/cdnoticias.com\/index.php\/wp-json\/wp\/v2\/comments?post=172547"}],"version-history":[{"count":0,"href":"https:\/\/cdnoticias.com\/index.php\/wp-json\/wp\/v2\/posts\/172547\/revisions"}],"wp:featuredmedia":[{"embeddable":true,"href":"https:\/\/cdnoticias.com\/index.php\/wp-json\/wp\/v2\/media\/167531"}],"wp:attachment":[{"href":"https:\/\/cdnoticias.com\/index.php\/wp-json\/wp\/v2\/media?parent=172547"}],"wp:term":[{"taxonomy":"category","embeddable":true,"href":"https:\/\/cdnoticias.com\/index.php\/wp-json\/wp\/v2\/categories?post=172547"},{"taxonomy":"post_tag","embeddable":true,"href":"https:\/\/cdnoticias.com\/index.php\/wp-json\/wp\/v2\/tags?post=172547"}],"curies":[{"name":"wp","href":"https:\/\/api.w.org\/{rel}","templated":true}]}}