{"id":172533,"date":"2025-06-08T19:44:45","date_gmt":"2025-06-08T22:44:45","guid":{"rendered":"https:\/\/cdnoticias.com\/?p=172533"},"modified":"2025-06-09T09:34:11","modified_gmt":"2025-06-09T12:34:11","slug":"segregacion-socioespacial-en-la-olavarria-de-los-90","status":"publish","type":"post","link":"https:\/\/cdnoticias.com\/index.php\/2025\/06\/08\/segregacion-socioespacial-en-la-olavarria-de-los-90\/","title":{"rendered":"Segregaci\u00f3n socioespacial en la Olavarr\u00eda de los \u00b490"},"content":{"rendered":"\n<p>\u00bfQu\u00e9 es? \u00bfC\u00f3mo evolucionaron las tasas de empleo, formaci\u00f3n y sector de la ciudad? Un informe para entender a nuestra ciudad al detalle. <\/p>\n\n\n\n<hr class=\"wp-block-separator aligncenter has-alpha-channel-opacity\"\/>\n\n\n\n<p><em>* Por Marcos Pascua <\/em><\/p>\n\n\n\n<p>El a\u00f1o pasado en uno de los m\u00f3dulos cursados de la Maestr\u00eda en Urbanismo le\u00ed un trabajo de la segregaci\u00f3n socioespacial en las ciudades de Olavarr\u00eda, Tandil y Pergamino entre el a\u00f1o 1991 y el a\u00f1o 2001, trabajo realizado por el Doctor en Geograf\u00eda Santiago Linares. Si bien, la situaci\u00f3n de la ciudad hoy puede ser un poco distinta, este trabajo es un ejemplo de la relaci\u00f3n que existe entre las tasas de empleo, la formaci\u00f3n y el sector de la ciudad donde vive cada grupo analizado. \u00bfEmpezamos?<\/p>\n\n\n\n<p class=\"has-medium-font-size\"><strong>\u00bfQu\u00e9 es la segregaci\u00f3n socioespacial?<\/strong><\/p>\n\n\n\n<p>La segregaci\u00f3n socioespacial es un concepto que hace referencia a la <strong>existencia de diferencias o desigualdades sociales dentro de un colectivo urbano y al agrupamiento de los sujetos seg\u00fan atributos espec\u00edficos <\/strong>en aglomerados de individuos parecidos entre s\u00ed, lo que lleva a la reducci\u00f3n de las interacciones con el resto de los grupos.&nbsp;<\/p>\n\n\n\n<p class=\"has-medium-font-size\"><strong>Introducci\u00f3n<\/strong><\/p>\n\n\n\n<p>Seg\u00fan el trabajo de Santiago Linares <strong>\u201cla segregaci\u00f3n socioespacial es un fen\u00f3meno y no necesariamente un problema<\/strong>. Esto depende de la visi\u00f3n te\u00f3rica que se adopte para explicar las relaciones sociales y los efectos concretos que esta produce en la sociedad.\u201d<\/p>\n\n\n\n<p>Algunos de los problemas que surgen de la segregaci\u00f3n socioespacial son los siguientes: \u201cla desintegraci\u00f3n social, lo cual es considerado perjudicial, especialmente para los grupos pobres, que poseen menos chances de movilidad social.\u201d <\/p>\n\n\n\n<p>En general, en los barrios de menores recursos econ\u00f3micos se encuentran problemas como \u201c<strong>el bajo rendimiento escolar, el desempleo, el embarazo adolescente, la exclusi\u00f3n y discriminaci\u00f3n social, el degradamiento ambiental y deterioro urban\u00edstico-habitacional, la desprotecci\u00f3n social, la delincuencia y la drogadicci\u00f3n\u201d<\/strong> (VARGAS Y ROYUELA, 2077; SABATINI, 2003; KATZMAN, 1999).<\/p>\n\n\n\n<p><\/p>\n\n\n\n<blockquote class=\"wp-block-quote is-layout-flow wp-block-quote-is-layout-flow\">\n<p>Existe un modelo caracter\u00edstico de segregaci\u00f3n para las ciudades de Am\u00e9rica Latina que se parece mucho al de las ciudades europeas, ya que en las \u00e1reas centrales se concentran los n\u00facleos de mayor poder adquisitivo, donde adem\u00e1s se encuentran las mejores condiciones de infraestructura y la posibilidad de acceder m\u00e1s f\u00e1cilmente a bienes y servicios y a viviendas de mejores condiciones. A medida que nos alejamos de la zona central se puede ver c\u00f3mo se va deteriorando la ciudad, menor acceso a la infraestructura, acceso a los servicios y menor acceso al transporte.&nbsp;<\/p>\n<\/blockquote>\n\n\n\n<p><\/p>\n\n\n\n<p>\u201cEsta pauta global no escapa a las ciudades intermedias bonaerenses que fueron configurando un patr\u00f3n de segregaci\u00f3n similar a las \u201cciudades preindustriales\u201d expuestas por SIOBERG (1960), caracterizada por <strong>una marcada concentraci\u00f3n espacial de las clases altas y medias ascendentes en el centro hist\u00f3rico<\/strong> (t\u00edpico del dise\u00f1o colonial) y una marcada dispersi\u00f3n perif\u00e9rica de los estratos socioecon\u00f3micos m\u00e1s bajos.\u201d<\/p>\n\n\n\n<p><\/p>\n\n\n\n<p class=\"has-medium-font-size\"><strong>Las consecuencias de la segregaci\u00f3n socioespacial<\/strong><\/p>\n\n\n\n<p><\/p>\n\n\n\n<p>Uno de los enfoques m\u00e1s caracter\u00edsticos sobre los efectos que la unidad vecinal posee sobre el comportamiento individual de los habitantes es el que analiza las asociaciones entre el espacio residencial circundante y el proceso de desarrollo de los ni\u00f1os y j\u00f3venes (FLORES, 2003). En estos estudios el <strong>primer mecanismo<\/strong> de influencia detectado se relaciona con el<strong> proceso de difusi\u00f3n de comportamientos entre un individuo y otro.<\/strong><\/p>\n\n\n\n<p><\/p>\n\n\n\n<blockquote class=\"wp-block-quote is-layout-flow wp-block-quote-is-layout-flow\">\n<p>Este proceso de contagio y legitimaci\u00f3n opera a trav\u00e9s del llamado \u201cefecto de pares\u201d, y plantea que la concentraci\u00f3n de comportamientos disfuncionales (inactividad, deserci\u00f3n escolar, embarazo adolescente) asociado a la situaci\u00f3n de concentraci\u00f3n espacial de la pobreza tiende a aumentar la probabilidad de que una persona que vive constantemente expuesta a estas condiciones, presente tambi\u00e9n comportamientos disfuncionales.<\/p>\n<\/blockquote>\n\n\n\n<p><\/p>\n\n\n\n<p>El <strong>segundo mecanismo<\/strong> se conoce como el proceso de socializaci\u00f3n colectiva, por el cual <strong>los adultos de la comunidad act\u00faan como modelos de rol para los miembros m\u00e1s j\u00f3venes.<\/strong> El <strong>tercer mecanismo<\/strong> es el proceso de socializaci\u00f3n institucional. <strong>Este proceso subraya el efecto que tienen los adultos pertenecientes a las instituciones que sirven a las comunidades segregadas.<\/strong><\/p>\n\n\n\n<p><\/p>\n\n\n\n<p><strong>La segregaci\u00f3n socioespacial posee tambi\u00e9n consecuencias respecto de la inserci\u00f3n de los individuos al mercado laboral<\/strong> como producto del desajuste espacial (KEIN, 2004) entre las oportunidades de empleo y la ubicaci\u00f3n residencial de la poblaci\u00f3n de bajos ingresos. <\/p>\n\n\n\n<p><\/p>\n\n\n\n<blockquote class=\"wp-block-quote is-layout-flow wp-block-quote-is-layout-flow\">\n<p>En primer lugar, se argumenta que la lejan\u00eda espacial entre la oferta y la demanda por empleo implica tiempos de viaje m\u00e1s largos, lo cual desincentiva a la oferta laboral a aceptar empleos en sitios extremadamente distantes de su residencia, dado que el costo (en tiempo y dinero) de transporte no justificar\u00edan el salario m\u00ednimo que la persona estar\u00eda percibiendo (IHLANFELDT Y SJOQUIST, 1990).<\/p>\n<\/blockquote>\n\n\n\n<p><\/p>\n\n\n\n<p>El segundo mecanismo que explica el desajuste espacial en el mercado laboral es la discriminaci\u00f3n o estigma: <strong>los empleadores tendr\u00edan prejuicios respecto de quienes contratan<\/strong> (LEONARD, 1987), ya sea trabajadores de minor\u00edas raciales o de estatus socioecon\u00f3mico m\u00e1s bajo. El tercer mecanismo que posibilita este desajuste espacial en el mercado laboral se refiere a las <strong>asimetr\u00edas de informaci\u00f3n para la b\u00fasqueda de empleo<\/strong>. Los pobres segregados tienen menos oportunidades de acceder a \u201cactivos\u201d de capital social (individual, colectivo y c\u00edvico) y el aislamiento social favorece la formaci\u00f3n de subculturas marginales.<\/p>\n\n\n\n<p><\/p>\n\n\n\n<p class=\"has-medium-font-size\"><strong>Medidas de segregaci\u00f3n y correlaci\u00f3n espacial<\/strong><\/p>\n\n\n\n<p><\/p>\n\n\n\n<p>En principio fue necesario obtener medidas locales de segregaci\u00f3n socioespacial para cada una de las unidades de an\u00e1lisis (radios censales) en las \u00e1reas urbanas seleccionadas, resultando apropiado aplicar para tal fin el <strong>\u00edndice de segregaci\u00f3n espacial areal (ISEA)<\/strong> que se define de la siguiente forma (BUZAI, 2003): ISEA=biai.<\/p>\n\n\n\n<p><\/p>\n\n\n\n<p>Donde <strong>ISEA ab<\/strong> es el \u00edndice de segregaci\u00f3n espacial local para la <strong>categor\u00eda poblacional b<\/strong> <strong>respecto del total de poblaci\u00f3n a; ai es el porcentaje de poblaci\u00f3n que contiene cada unidad espacial; bi es el porcentaje del grupo de poblaci\u00f3n en cuesti\u00f3n.<\/strong><\/p>\n\n\n\n<p><\/p>\n\n\n\n<blockquote class=\"wp-block-quote is-layout-flow wp-block-quote-is-layout-flow\">\n<p>Los ISEA&lt;1 corresponden a poblaciones en las cuales la proporci\u00f3n de poblaci\u00f3n total es mayor que la del grupo en cuesti\u00f3n, un ISEA=1 se presenta en los casos en que las proporciones se distribuyen de forma similar y un ISEA&gt;1 donde existe segregaci\u00f3n del grupo poblacional, tanto mayor cuanto m\u00e1s lejano el valor uno se encuentre el resultado.<\/p>\n<\/blockquote>\n\n\n\n<p><\/p>\n\n\n\n<p>Para interpretar los coeficientes de un modo general y siguiendo a ESTEBANEZ y BRADSHAW (1979), diremos que <strong>existe un grado de correlaci\u00f3n alta<\/strong> entre dos variables cuando los valores se encuentran entre <strong>0,7 y 1<\/strong>, <strong>correlaci\u00f3n media<\/strong> entre <strong>0,4 y 0,7<\/strong>, <strong>correlaci\u00f3n baja<\/strong> entre <strong>0,2 y 0,4<\/strong> y <strong>correlaci\u00f3n despreciable<\/strong> cuando el valor est\u00e1 <strong>por debajo del 0,2<\/strong>.<\/p>\n\n\n\n<p><\/p>\n\n\n\n<p>Para la medici\u00f3n de segregaci\u00f3n socioespacial se emplea como variable representativa de la estratificaci\u00f3n social la calificaci\u00f3n de las ocupaciones propuesta por el INDEC sobre la base del Clasificador Nacional de Ocupaciones (CON, 1991 y 2001). <strong>Se trata de una variable objetiva del proceso de trabajo, que mide la complejidad de las acciones desplegadas en dicho proceso. Las calificaciones se desagregan en (INDEC, 2001):<\/strong><\/p>\n\n\n\n<p><\/p>\n\n\n\n<ul class=\"wp-block-list\">\n<li><strong>Calificaci\u00f3n profesional (CP):<\/strong> son aquellas en las que se realizan tareas m\u00faltiples, diversas y de secuencia cambiante, que suponen conocimientos te\u00f3ricos de orden general y espec\u00edfico acerca de las propiedades y caracter\u00edsticas de los objetos e instrumentos de trabajo y de las leyes y reglas que rigen los procesos. Estas ocupaciones requieren conocimientos adquiridos por capacitaci\u00f3n formal espec\u00edfica y por experiencia laboral equivalente.<\/li>\n<\/ul>\n\n\n\n<ul class=\"wp-block-list\">\n<li><strong>Calificaci\u00f3n t\u00e9cnica (CT):<\/strong> son aquellas en las que se realizan tareas generalmente m\u00faltiples, diversas y de secuencia cambiante que suponen paralelamente habilidades manipulativas y conocimientos te\u00f3ricos de orden espec\u00edfico acerca de las propiedades y caracter\u00edsticas de los objetos e instrumentos de trabajo y de las reglas espec\u00edficas que rigen los procesos involucrados. Estas ocupaciones requieren conocimientos y habilidades espec\u00edficas adquiridos por capacitaci\u00f3n formal previa o experiencia laboral equivalente.<\/li>\n<\/ul>\n\n\n\n<ul class=\"wp-block-list\">\n<li><strong>Calificaci\u00f3n operativa (CO):<\/strong> son aquellas en las que se realizan tareas de cierta secuencia y variedad que suponen atenci\u00f3n, rapidez y habilidades manipulativas, as\u00ed como ciertos conocimientos espec\u00edficos acerca de las propiedades de los objetos e instrumentos utilizados. Estas ocupaciones requieren conocimientos y habilidades espec\u00edficas adquiridas por capacitaci\u00f3n previa o experiencia laboral.<\/li>\n<\/ul>\n\n\n\n<ul class=\"wp-block-list\">\n<li><strong>No calificada (NC):<\/strong> son aquellas en las que se realizan tareas de escasa diversidad, utilizando objetos e instrumentos simples o, en muchos casos, el propio cuerpo del trabajador. Estas ocupaciones no requieren habilidades o conocimientos previos para su ejercicio, salvo algunas breves instrucciones de inicio.<\/li>\n<\/ul>\n\n\n\n<p><\/p>\n\n\n\n<p class=\"has-medium-font-size\"><strong>Las secuelas de la segregaci\u00f3n socioespacial durante la d\u00e9cada de los 90 en Olavarr\u00eda<\/strong><\/p>\n\n\n\n<p class=\"has-medium-font-size\"><\/p>\n\n\n\n<p>No obstante, nos resultaba interesante tambi\u00e9n conocer si la especializaci\u00f3n econ\u00f3mica de cada una de ellas presentaba alguna influencia en el proceso de segregaci\u00f3n socioespacial urbana y sus consecuencias. Por ello, el rasgo distintivo est\u00e1 asociado a las actividades econ\u00f3micas que sostienen y dinamizan su crecimiento.<\/p>\n\n\n\n<p><\/p>\n\n\n\n<p>En este sentido, si bien es innegable la calidad de las tierras que conforman el partido de Olavarr\u00eda, como un recurso de potencial importancia para la promoci\u00f3n de actividades ganaderas y agr\u00edcolas, es indudable que la actividad central que la posicion\u00f3 en la red urbana nacional fue la actividad minera. A grandes rasgos podemos afirmar que la ciudad de Olavarr\u00eda posee una econom\u00eda urbana centrada en la actividad industrial relacionada con el sector de la construcci\u00f3n, la cual representaba, <strong>para el a\u00f1o 1993, el 33,2 % del Producto Bruto Geogr\u00e1fico (PBG) y para el a\u00f1o 2003, un 30 % de su PBG.<\/strong><\/p>\n\n\n\n<p><\/p>\n\n\n\n<figure class=\"wp-block-image aligncenter size-full\"><img data-recalc-dims=\"1\" loading=\"lazy\" decoding=\"async\" width=\"612\" height=\"231\" src=\"https:\/\/i0.wp.com\/cdnoticias.com\/wp-content\/uploads\/2025\/05\/TABLA-1.png?resize=612%2C231&#038;ssl=1\" alt=\"\" class=\"wp-image-172535\" srcset=\"https:\/\/i0.wp.com\/cdnoticias.com\/wp-content\/uploads\/2025\/05\/TABLA-1.png?w=612&amp;ssl=1 612w, https:\/\/i0.wp.com\/cdnoticias.com\/wp-content\/uploads\/2025\/05\/TABLA-1.png?resize=300%2C113&amp;ssl=1 300w\" sizes=\"auto, (max-width: 612px) 100vw, 612px\" \/><\/figure>\n\n\n\n<p><\/p>\n\n\n\n<p>Adem\u00e1s, se observa que <strong>entre 1991 y 2001 la incidencia de la segregaci\u00f3n en los niveles secundario y superior\/universitario estar\u00eda aumentando en especial en los extremos de los grupos socio-ocupacionales<\/strong>, lo que indicar\u00eda que la negatividad de la segregaci\u00f3n socioespacial con respecto a la deserci\u00f3n educativa no solo se manifiesta en forma estructural, sino que se estar\u00eda agudizando durante la d\u00e9cada considerada.<\/p>\n\n\n\n<p><\/p>\n\n\n\n<blockquote class=\"wp-block-quote is-layout-flow wp-block-quote-is-layout-flow\">\n<p>Se observa tambi\u00e9n una muy alta correlaci\u00f3n entre la segregaci\u00f3n socioespacial y la cobertura de salud con valores de r superiores a 0.7 en ambas d\u00e9cadas, lo que corroborar\u00eda otra de las consecuencias negativas asociadas al fen\u00f3meno, la de la inseguridad social asociada a la falta de cobertura de atenci\u00f3n de la salud familiar. El signo positivo sobre la aglomeraci\u00f3n de poblaci\u00f3n ocupada en tareas profesionales y t\u00e9cnicas indica un alto porcentaje de cobertura de salud en dichas \u00e1reas residenciales; mientras que el signo negativo para la segregaci\u00f3n de desocupados y no calificados indica una relaci\u00f3n inversa.<\/p>\n<\/blockquote>\n\n\n\n<p><\/p>\n\n\n\n<p>La consecuencia sobre la maternidad adolescente presenta sus caracter\u00edsticas. Para el caso de Olavarr\u00eda, esta asociaci\u00f3n aparece con m\u00e1s fuerza e inclusive <strong>se agudiza en el trascurso de la d\u00e9cada alcanzando un valor de <em>r <\/em>de 0.6 seg\u00fan los grupos socio ocupacionales.<\/strong><\/p>\n\n\n\n<p><\/p>\n\n\n\n<p>La irregularidad de tenencia, el hacinamiento cr\u00edtico y las condiciones deficitarias de la vivienda presentan una clara correlaci\u00f3n espacial con la aglomeraci\u00f3n de grupos sociales seg\u00fan niveles de ingreso, <strong>siendo negativa esta correlaci\u00f3n para los grupos profesionales y sobre todo t\u00e9cnicos (<em>r <\/em>alrededor de &#8211; 0.6) y positiva para los barrios donde se aglomeran los ocupados no calificados y desocupados (<em>r <\/em>alrededor de 0.6).<\/strong><\/p>\n\n\n\n<p><\/p>\n\n\n\n<p class=\"has-medium-font-size\"><strong>Gr\u00e1ficos<\/strong><\/p>\n\n\n\n<p><\/p>\n\n\n\n<p><strong>En la imagen se grafica la asociaci\u00f3n existente entre el ISEA para desocupados y la tasa de maternidad adolescente para la ciudad de Olavarr\u00eda.<\/strong> En la representaci\u00f3n cartogr\u00e1fica, se observa claramente que las \u00e1reas urbanas que <strong>presentan la mayor tasa de maternidad adolescente y mayor \u00edndice se segregaci\u00f3n de poblaci\u00f3n desocupada corresponden a los sectores norte, nordeste y sur de la ciudad<\/strong>, en las inmediaciones de los barrios ACUPO, El Progreso, Lourdes, Isaura y Provincias Unidas, respectivamente. <\/p>\n\n\n\n<p><\/p>\n\n\n\n<p>Por su parte<strong>, los radios censales con valores bajos se localizan en el micro y macrocentro<\/strong>, delimitados por las v\u00edas del ferrocarril hacia el sudeste y el arroyo Tapalqu\u00e9 hacia el noroeste y los barrios perif\u00e9ricos de altos ingresos en los extremos noroeste (Parque Arano) y sudeste (sector de quintas en torno a la autopista Luciano Fortabat).<\/p>\n\n\n\n<p><\/p>\n\n\n\n<figure class=\"wp-block-image aligncenter size-full\"><img data-recalc-dims=\"1\" loading=\"lazy\" decoding=\"async\" width=\"800\" height=\"542\" src=\"https:\/\/i0.wp.com\/cdnoticias.com\/wp-content\/uploads\/2025\/05\/IMAGEN-1-7.png?resize=800%2C542&#038;ssl=1\" alt=\"\" class=\"wp-image-172534\" srcset=\"https:\/\/i0.wp.com\/cdnoticias.com\/wp-content\/uploads\/2025\/05\/IMAGEN-1-7.png?w=900&amp;ssl=1 900w, https:\/\/i0.wp.com\/cdnoticias.com\/wp-content\/uploads\/2025\/05\/IMAGEN-1-7.png?resize=300%2C203&amp;ssl=1 300w, https:\/\/i0.wp.com\/cdnoticias.com\/wp-content\/uploads\/2025\/05\/IMAGEN-1-7.png?resize=768%2C521&amp;ssl=1 768w\" sizes=\"auto, (max-width: 800px) 100vw, 800px\" \/><\/figure>\n\n\n\n<p><\/p>\n\n\n\n<p class=\"has-medium-font-size\"><strong>Conclusi\u00f3n<\/strong><\/p>\n\n\n\n<p>A partir de las t\u00e9cnicas de an\u00e1lisis implementadas fue posible corroborar y cuantificar en las ciudades de Olavarr\u00eda, Pergamino y Tandil los diferentes grados de asociaci\u00f3n entre la intensidad de la segregaci\u00f3n socioespacial y algunas consecuencias sociohabitacionales, como la deserci\u00f3n a los diferentes niveles educativos, la inseguridad social, la maternidad adolescente y el degradamiento urban\u00edstico-habitacional, especialmente centrado en las caracter\u00edsticas habitacionales (hacinamiento y condiciones deficitarias) y no tanto en lo urban\u00edstico.<\/p>\n\n\n\n<p><\/p>\n\n\n\n<p>En t\u00e9rminos generales los datos mostrar\u00edan que, durante la d\u00e9cada neoliberal caracterizada por un incremento de las desigualdades entre los grupos sociales, <strong>las consecuencias negativas de la segregaci\u00f3n socioespacial se han profundizado notoriamente.<\/strong><\/p>\n\n\n\n<p><\/p>\n\n\n\n<blockquote class=\"wp-block-quote is-layout-flow wp-block-quote-is-layout-flow\">\n<p>La cartograf\u00eda tem\u00e1tica asociada a los gr\u00e1ficos de dispersi\u00f3n permiti\u00f3 visualizar la disposici\u00f3n espacial de las \u00e1reas residenciales seg\u00fan estratos sociales y el comportamiento de las variables que indican problemas sociohabitacionales. Esto demuestra una clara tendencia a la distribuci\u00f3n polarizada y falta de integraci\u00f3n de la poblaci\u00f3n en \u00e1reas espec\u00edficas del espacio urbano seg\u00fan las posibilidades de inserci\u00f3n en el mercado laboral y una aglomeraci\u00f3n de los problemas sociohabitacionales mencionados en las \u00e1reas residenciales de menores ingresos.<\/p>\n<\/blockquote>\n\n\n\n<p><\/p>\n\n\n\n<p>A la luz de lo expuesto pareciera que un individuo que reside en un barrio espec\u00edfico es muy probable que pertenezca a un tipo particular de familia y que se encuentre expuesto a un conjunto particular de est\u00edmulos y consecuencias extrafamiliares. <strong>La configuraci\u00f3n barrial influye a\u00fan en el comportamiento humano porque la poblaci\u00f3n se encuentra segregada en las diferentes unidades vecinales de la ciudad de un modo sistem\u00e1tico<\/strong>, no aleatorio, y porque la probabilidad de contacto, aun en el per\u00edodo actual, sigue dependiendo y variando en funci\u00f3n de la distancia.<\/p>\n\n\n\n<p><\/p>\n\n\n\n<p>Esto demuestra que los efectos de la diferenciaci\u00f3n residencial son de gran alcance; por esa raz\u00f3n es importante seguir analizando las bases sobre las que descansa la segregaci\u00f3n socioespacial y las consecuencias de este patr\u00f3n residencial. La comprensi\u00f3n de los problemas sociales en \u00e1reas segregadas permitir\u00e1 <strong>dise\u00f1ar e implementar pol\u00edticas (multidimensionales) adecuadas para contrarrestar las desigualdades socioespaciales que caracterizan a las ciudades argentinas.<\/strong><\/p>\n\n\n\n<p><\/p>\n\n\n\n<p>Este preliminar abordaje sobre las consecuencias de la segregaci\u00f3n socioespacial no pretende cubrir todo el espectro de esta problem\u00e1tica, m\u00e1s bien <strong>constituye un comienzo que deber\u00e1 ser complementado en investigaciones posteriores<\/strong> al menos en cuatro aspectos: aumentar el n\u00famero de ciudades y rangos urbanos estudiados que permitan generalizar la hip\u00f3tesis de las consecuencias de la segregaci\u00f3n; incluir un n\u00famero mayor de variables que permitan analizar otras dimensiones de las consecuencias atribuidas a la segregaci\u00f3n socioespacial, como por ejemplo la exclusi\u00f3n y discriminaci\u00f3n social, el degradamiento ambiental, la delincuencia y la drogadicci\u00f3n; ampliar el per\u00edodo de an\u00e1lisis a partir de la nueva informaci\u00f3n suministrada por los censos, que permitir\u00e1 corroborar cu\u00e1n coyunturales o estructurales son los efectos de la segregaci\u00f3n socioespacial y, finalmente, introducir una metodolog\u00eda que permita conocer las relaciones o conexiones extrabarriales de la poblaci\u00f3n, para corroborar de forma m\u00e1s rigurosa el grado de influencia del entorno residencial pr\u00f3ximo y si la vinculaci\u00f3n extrabarrial act\u00faa como un contrapeso social en las consecuencias de la segregaci\u00f3n espacial.<\/p>\n\n\n\n<p><\/p>\n","protected":false},"excerpt":{"rendered":"<p>\u00bfQu\u00e9 es? \u00bfC\u00f3mo evolucionaron las tasas de empleo, formaci\u00f3n y sector de la ciudad? Un informe para entender a nuestra<\/p>\n","protected":false},"author":6,"featured_media":133258,"comment_status":"closed","ping_status":"closed","sticky":false,"template":"","format":"standard","meta":{"_jetpack_memberships_contains_paid_content":false,"footnotes":""},"categories":[5,1],"tags":[],"class_list":["post-172533","post","type-post","status-publish","format-standard","has-post-thumbnail","hentry","category-informacion-general","category-portada"],"jetpack_featured_media_url":"https:\/\/i0.wp.com\/cdnoticias.com\/wp-content\/uploads\/2024\/12\/Olavarria-generica1-scaled.jpeg?fit=2560%2C1706&ssl=1","jetpack_sharing_enabled":true,"_links":{"self":[{"href":"https:\/\/cdnoticias.com\/index.php\/wp-json\/wp\/v2\/posts\/172533","targetHints":{"allow":["GET"]}}],"collection":[{"href":"https:\/\/cdnoticias.com\/index.php\/wp-json\/wp\/v2\/posts"}],"about":[{"href":"https:\/\/cdnoticias.com\/index.php\/wp-json\/wp\/v2\/types\/post"}],"author":[{"embeddable":true,"href":"https:\/\/cdnoticias.com\/index.php\/wp-json\/wp\/v2\/users\/6"}],"replies":[{"embeddable":true,"href":"https:\/\/cdnoticias.com\/index.php\/wp-json\/wp\/v2\/comments?post=172533"}],"version-history":[{"count":0,"href":"https:\/\/cdnoticias.com\/index.php\/wp-json\/wp\/v2\/posts\/172533\/revisions"}],"wp:featuredmedia":[{"embeddable":true,"href":"https:\/\/cdnoticias.com\/index.php\/wp-json\/wp\/v2\/media\/133258"}],"wp:attachment":[{"href":"https:\/\/cdnoticias.com\/index.php\/wp-json\/wp\/v2\/media?parent=172533"}],"wp:term":[{"taxonomy":"category","embeddable":true,"href":"https:\/\/cdnoticias.com\/index.php\/wp-json\/wp\/v2\/categories?post=172533"},{"taxonomy":"post_tag","embeddable":true,"href":"https:\/\/cdnoticias.com\/index.php\/wp-json\/wp\/v2\/tags?post=172533"}],"curies":[{"name":"wp","href":"https:\/\/api.w.org\/{rel}","templated":true}]}}