{"id":172527,"date":"2025-05-27T16:04:10","date_gmt":"2025-05-27T19:04:10","guid":{"rendered":"https:\/\/cdnoticias.com\/?p=172527"},"modified":"2025-05-27T16:04:12","modified_gmt":"2025-05-27T19:04:12","slug":"el-presidente-de-la-afa-claudio-tapia-estara-en-olavarria","status":"publish","type":"post","link":"https:\/\/cdnoticias.com\/index.php\/2025\/05\/27\/el-presidente-de-la-afa-claudio-tapia-estara-en-olavarria\/","title":{"rendered":"El Presidente de la AFA Claudio Tapia estar\u00e1 en Olavarr\u00eda"},"content":{"rendered":"\n<p>Ser\u00e1 el pr\u00f3ximo 12 de julio, fecha en la que se realice la cena aniversario por el centenario de la Liga de F\u00fatbol de Olavarr\u00eda. Fue tras una reuni\u00f3n con su principal referente Mario Patern\u00f3.<\/p>\n\n\n\n<hr class=\"wp-block-separator aligncenter has-alpha-channel-opacity\"\/>\n\n\n\n<p>Confirmado en las redes sociales de la<strong> Liga de F\u00fatbol de Olavarr\u00eda, el presidente de la AFA Claudio \u201cChiqui\u201d Tapia estar\u00e1 en Olavarr\u00eda el pr\u00f3ximo 12 de julio en el marco del centenario de la instituci\u00f3n que preside Mario Patern\u00f3.<\/strong><\/p>\n\n\n\n<p>Justamente, <strong>el pasado viernes, Patern\u00f3 y Tapia se reunieron en la sede de AFA y all\u00ed el \u201cChiqui\u201d confirm\u00f3 su presencia en la Fiesta de Aniversario de la Liga.<\/strong><\/p>\n\n\n\n<p>La cena aniversario se realizar\u00e1 el<strong> 12 de julio en el Centro de Exposiciones Municipal, con la presencia de la r\u00e9plica de la Copa del Mundo de la FIFA, entre otros atractivos.<\/strong><\/p>\n\n\n\n<p>Los interesados, vale se\u00f1alar, <strong>ya pueden adquirir sus entradas.<\/strong><\/p>\n","protected":false},"excerpt":{"rendered":"<p>Ser\u00e1 el pr\u00f3ximo 12 de julio, fecha en la que se realice la cena aniversario por el centenario de la<\/p>\n","protected":false},"author":2,"featured_media":172528,"comment_status":"closed","ping_status":"closed","sticky":false,"template":"","format":"standard","meta":{"_jetpack_memberships_contains_paid_content":false,"footnotes":""},"categories":[29,35,1],"tags":[],"class_list":["post-172527","post","type-post","status-publish","format-standard","has-post-thumbnail","hentry","category-deportes","category-futbol","category-portada"],"jetpack_featured_media_url":"https:\/\/i0.wp.com\/cdnoticias.com\/wp-content\/uploads\/2025\/05\/chiqui-tapia-olavarria.jpg?fit=859%2C438&ssl=1","jetpack_sharing_enabled":true,"_links":{"self":[{"href":"https:\/\/cdnoticias.com\/index.php\/wp-json\/wp\/v2\/posts\/172527","targetHints":{"allow":["GET"]}}],"collection":[{"href":"https:\/\/cdnoticias.com\/index.php\/wp-json\/wp\/v2\/posts"}],"about":[{"href":"https:\/\/cdnoticias.com\/index.php\/wp-json\/wp\/v2\/types\/post"}],"author":[{"embeddable":true,"href":"https:\/\/cdnoticias.com\/index.php\/wp-json\/wp\/v2\/users\/2"}],"replies":[{"embeddable":true,"href":"https:\/\/cdnoticias.com\/index.php\/wp-json\/wp\/v2\/comments?post=172527"}],"version-history":[{"count":0,"href":"https:\/\/cdnoticias.com\/index.php\/wp-json\/wp\/v2\/posts\/172527\/revisions"}],"wp:featuredmedia":[{"embeddable":true,"href":"https:\/\/cdnoticias.com\/index.php\/wp-json\/wp\/v2\/media\/172528"}],"wp:attachment":[{"href":"https:\/\/cdnoticias.com\/index.php\/wp-json\/wp\/v2\/media?parent=172527"}],"wp:term":[{"taxonomy":"category","embeddable":true,"href":"https:\/\/cdnoticias.com\/index.php\/wp-json\/wp\/v2\/categories?post=172527"},{"taxonomy":"post_tag","embeddable":true,"href":"https:\/\/cdnoticias.com\/index.php\/wp-json\/wp\/v2\/tags?post=172527"}],"curies":[{"name":"wp","href":"https:\/\/api.w.org\/{rel}","templated":true}]}}