{"id":17251,"date":"2021-03-26T16:38:22","date_gmt":"2021-03-26T19:38:22","guid":{"rendered":"http:\/\/www.centraldenoticias.com.ar\/?p=17251"},"modified":"2021-03-26T17:38:34","modified_gmt":"2021-03-26T20:38:34","slug":"azul-murieron-dos-pacientes-y-el-municipio-restringio-horarios","status":"publish","type":"post","link":"https:\/\/cdnoticias.com\/index.php\/2021\/03\/26\/azul-murieron-dos-pacientes-y-el-municipio-restringio-horarios\/","title":{"rendered":"Azul: Murieron dos pacientes y el Municipio restringi\u00f3 horarios"},"content":{"rendered":"<p>Prohibi\u00f3 la circulaci\u00f3n durante la madrugada y limit\u00f3 el horario de locales nocturnos. Los pacientes fallecidos ten\u00edan 42 y 52 a\u00f1os.<!--more--><\/p>\n<hr \/>\n<p><a href=\"https:\/\/cdnoticias.com\/index.php\/2021\/03\/26\/fallecio-otro-paciente-y-olavarria-ya-cuenta-con-130-muertes-por-la-pandemia\/\" target=\"_blank\" rel=\"noopener\">A la par de lo que sucede en Olavarr\u00eda<\/a>, el rebrote de casos se siente y mucho en toda la regi\u00f3n y ejemplo de ello es lo que sucedi\u00f3 en las \u00faltimas horas en <strong>Azul, donde murieron dos pacientes y, a la par, el Municipio anunci\u00f3 importantes medidas en cuanto a horarios y circulaci\u00f3n.<\/strong><\/p>\n<p>&nbsp;<\/p>\n<p>De acuerdo al parte oficial difundido este viernes, <strong>se confirm\u00f3 la muerte de dos personas que se encontraban internadas en el Hospital Pintos. Se trat\u00f3 de una mujer de 42 a\u00f1os y un hombre de 52<\/strong>. El distrito vecino registra 108 fallecimientos. A la par, Azul cuenta con 65 casos activos, 14 de los cuales fueron detectados en las \u00faltimas horas.<\/p>\n<p>&nbsp;<\/p>\n<p>Por otra parte, en la ma\u00f1ana de este viernes <strong>autoridades municipales encabezaron una conferencia de prensa en la que fueron anunciadas importantes medidas<\/strong>. Todo se vio encabezado por Alejandro Vieyra, jefe de Gabinete y Gobierno, quien estuvo acompa\u00f1ado no solo por referentes del \u00e1rea de Salud, sino tambi\u00e9n de Seguridad.<\/p>\n<p>&nbsp;<\/p>\n<p>Una de las principales medidas fue el<strong> tope de horario de la 1 de la madrugada para locales de actividad nocturna<\/strong>. A la par,<strong> se prohibi\u00f3 la circulaci\u00f3n entre la 1 y las 5 de la madrugada.<\/strong><\/p>\n<p>&nbsp;<\/p>\n<p><strong>Asimismo, se adoptaron importantes medidas con respecto al Hospital Municipal<\/strong>. Seg\u00fan se explic\u00f3 por v\u00edas oficiales, \u201cse decidi\u00f3 disminuir la circulaci\u00f3n dentro del nosocomio, <strong>suspender las visitas, utilizar el servicio de guardia s\u00f3lo para emergencias<\/strong>, entre las 13 y las 15 atender en la guardia solamente por urgencias ya que ese lapso se utiliza para reevaluaci\u00f3n de pacientes COVID-19 y restringir a partir de abril, el n\u00famero de turnos para consultorio externo de todas las especialidades\u201d.<\/p>\n","protected":false},"excerpt":{"rendered":"<p>Prohibi\u00f3 la circulaci\u00f3n durante la madrugada y limit\u00f3 el horario de locales nocturnos. Los pacientes fallecidos ten\u00edan 42 y 52<\/p>\n","protected":false},"author":3,"featured_media":17252,"comment_status":"closed","ping_status":"closed","sticky":false,"template":"","format":"standard","meta":{"_jetpack_memberships_contains_paid_content":false,"footnotes":""},"categories":[6,1],"tags":[],"class_list":["post-17251","post","type-post","status-publish","format-standard","has-post-thumbnail","hentry","category-nacionales","category-portada"],"jetpack_featured_media_url":"https:\/\/i0.wp.com\/cdnoticias.com\/wp-content\/uploads\/2021\/03\/162919449_4146589142040997_2178387280255338348_o.jpg?fit=1280%2C853&ssl=1","jetpack_sharing_enabled":true,"_links":{"self":[{"href":"https:\/\/cdnoticias.com\/index.php\/wp-json\/wp\/v2\/posts\/17251","targetHints":{"allow":["GET"]}}],"collection":[{"href":"https:\/\/cdnoticias.com\/index.php\/wp-json\/wp\/v2\/posts"}],"about":[{"href":"https:\/\/cdnoticias.com\/index.php\/wp-json\/wp\/v2\/types\/post"}],"author":[{"embeddable":true,"href":"https:\/\/cdnoticias.com\/index.php\/wp-json\/wp\/v2\/users\/3"}],"replies":[{"embeddable":true,"href":"https:\/\/cdnoticias.com\/index.php\/wp-json\/wp\/v2\/comments?post=17251"}],"version-history":[{"count":0,"href":"https:\/\/cdnoticias.com\/index.php\/wp-json\/wp\/v2\/posts\/17251\/revisions"}],"wp:featuredmedia":[{"embeddable":true,"href":"https:\/\/cdnoticias.com\/index.php\/wp-json\/wp\/v2\/media\/17252"}],"wp:attachment":[{"href":"https:\/\/cdnoticias.com\/index.php\/wp-json\/wp\/v2\/media?parent=17251"}],"wp:term":[{"taxonomy":"category","embeddable":true,"href":"https:\/\/cdnoticias.com\/index.php\/wp-json\/wp\/v2\/categories?post=17251"},{"taxonomy":"post_tag","embeddable":true,"href":"https:\/\/cdnoticias.com\/index.php\/wp-json\/wp\/v2\/tags?post=17251"}],"curies":[{"name":"wp","href":"https:\/\/api.w.org\/{rel}","templated":true}]}}