{"id":172451,"date":"2025-05-27T18:02:35","date_gmt":"2025-05-27T21:02:35","guid":{"rendered":"https:\/\/cdnoticias.com\/?p=172451"},"modified":"2025-05-27T18:02:37","modified_gmt":"2025-05-27T21:02:37","slug":"estudiantes-de-secundaria-visitaron-coopelectric","status":"publish","type":"post","link":"https:\/\/cdnoticias.com\/index.php\/2025\/05\/27\/estudiantes-de-secundaria-visitaron-coopelectric\/","title":{"rendered":"Estudiantes de secundaria visitaron Coopelectric\u00a0"},"content":{"rendered":"\n<p>Durante el encuentro se les brind\u00f3 informaci\u00f3n sobre la historia de la Cooperativa, caracter\u00edsticas de las organizaciones de la econom\u00eda social, principios y valores del cooperativismo.&nbsp;<\/p>\n\n\n\n<hr class=\"wp-block-separator aligncenter has-alpha-channel-opacity\"\/>\n\n\n\n<p>Estudiantes de<strong> cuarto a\u00f1o del nivel secundario<\/strong> de los <strong>Institutos Monse\u00f1or C\u00e9sar C\u00e1neva y San Antonio de Padua, <\/strong>visitaron la<strong> sede administrativa de Coopelectric<\/strong> en el marco del <strong>proyecto de investigaci\u00f3n <\/strong>sobre organizaciones locales que desarrollan desde las c\u00e1tedras Teor\u00eda de las Organizaciones y Sistema de Informaci\u00f3n Contable, las cuales son dictadas por las profesoras Mar\u00eda Jos\u00e9 Campi\u00f3n y M\u00f3nica Elbey.<\/p>\n\n\n\n<p><\/p>\n\n\n\n<p>Los estudiantes se dividieron en cuatro grupos que fueron recibidos por el Licenciado Rub\u00e9n Sarra del \u00e1rea Recursos Humanos de Coopelectric.\u00a0Durante el encuentro<strong> se les brind\u00f3 informaci\u00f3n sobre la historia de la Cooperativa, caracter\u00edsticas de las organizaciones de la econom\u00eda social, principios y valores del cooperativismo,<\/strong> Estatuto Social, ejercicio de la democracia cooperativa, organigrama, funciones y cargos, servicios prestados a la comunidad, entre otros temas.<\/p>\n\n\n\n<p><\/p>\n\n\n\n<figure class=\"wp-block-image aligncenter size-full\"><img data-recalc-dims=\"1\" loading=\"lazy\" decoding=\"async\" width=\"800\" height=\"360\" src=\"https:\/\/i0.wp.com\/cdnoticias.com\/wp-content\/uploads\/2025\/05\/coopelectric-charla-estudiantes1.jpg?resize=800%2C360&#038;ssl=1\" alt=\"\" class=\"wp-image-172452\" srcset=\"https:\/\/i0.wp.com\/cdnoticias.com\/wp-content\/uploads\/2025\/05\/coopelectric-charla-estudiantes1.jpg?w=900&amp;ssl=1 900w, https:\/\/i0.wp.com\/cdnoticias.com\/wp-content\/uploads\/2025\/05\/coopelectric-charla-estudiantes1.jpg?resize=300%2C135&amp;ssl=1 300w, https:\/\/i0.wp.com\/cdnoticias.com\/wp-content\/uploads\/2025\/05\/coopelectric-charla-estudiantes1.jpg?resize=768%2C346&amp;ssl=1 768w\" sizes=\"auto, (max-width: 800px) 100vw, 800px\" \/><\/figure>\n\n\n\n<p><\/p>\n\n\n\n<p>Al mismo tiempo,<strong> los estudiantes realizaron consultas sobre la composici\u00f3n tarifaria de los servicios El\u00e9ctrico y Sanitario<\/strong> y los sistemas tecnol\u00f3gicos aplicados en cada servicio, los diferentes organismos de control.<\/p>\n\n\n\n<p><\/p>\n\n\n\n<p>\u201cLa educaci\u00f3n cooperativa es parte de nuestros principios, por eso siempre es grato recibir la visita de j\u00f3venes que se interesan por el movimiento cooperativo. Adem\u00e1s, las puertas quedan abiertas en caso de que necesiten recibir nueva informaci\u00f3n\u201d sostuvo Rub\u00e9n Sarra y a\u00f1adi\u00f3 \u201ccelebramos que los docentes hayan direccionado la actividad pr\u00e1ctica de estas materias hacia organizaciones locales, porque tiene el valor agregado de la experiencia y la vivencia compartida en una cooperativa que pertenece a todos los vecinos de Olavarr\u00eda\u201d.<\/p>\n\n\n\n<p><\/p>\n","protected":false},"excerpt":{"rendered":"<p>Durante el encuentro se les brind\u00f3 informaci\u00f3n sobre la historia de la Cooperativa, caracter\u00edsticas de las organizaciones de la econom\u00eda<\/p>\n","protected":false},"author":6,"featured_media":172453,"comment_status":"closed","ping_status":"closed","sticky":false,"template":"","format":"standard","meta":{"_jetpack_memberships_contains_paid_content":false,"footnotes":""},"categories":[5,1],"tags":[],"class_list":["post-172451","post","type-post","status-publish","format-standard","has-post-thumbnail","hentry","category-informacion-general","category-portada"],"jetpack_featured_media_url":"https:\/\/i0.wp.com\/cdnoticias.com\/wp-content\/uploads\/2025\/05\/coopelectric-charla-estudiantes.jpg?fit=900%2C405&ssl=1","jetpack_sharing_enabled":true,"_links":{"self":[{"href":"https:\/\/cdnoticias.com\/index.php\/wp-json\/wp\/v2\/posts\/172451","targetHints":{"allow":["GET"]}}],"collection":[{"href":"https:\/\/cdnoticias.com\/index.php\/wp-json\/wp\/v2\/posts"}],"about":[{"href":"https:\/\/cdnoticias.com\/index.php\/wp-json\/wp\/v2\/types\/post"}],"author":[{"embeddable":true,"href":"https:\/\/cdnoticias.com\/index.php\/wp-json\/wp\/v2\/users\/6"}],"replies":[{"embeddable":true,"href":"https:\/\/cdnoticias.com\/index.php\/wp-json\/wp\/v2\/comments?post=172451"}],"version-history":[{"count":0,"href":"https:\/\/cdnoticias.com\/index.php\/wp-json\/wp\/v2\/posts\/172451\/revisions"}],"wp:featuredmedia":[{"embeddable":true,"href":"https:\/\/cdnoticias.com\/index.php\/wp-json\/wp\/v2\/media\/172453"}],"wp:attachment":[{"href":"https:\/\/cdnoticias.com\/index.php\/wp-json\/wp\/v2\/media?parent=172451"}],"wp:term":[{"taxonomy":"category","embeddable":true,"href":"https:\/\/cdnoticias.com\/index.php\/wp-json\/wp\/v2\/categories?post=172451"},{"taxonomy":"post_tag","embeddable":true,"href":"https:\/\/cdnoticias.com\/index.php\/wp-json\/wp\/v2\/tags?post=172451"}],"curies":[{"name":"wp","href":"https:\/\/api.w.org\/{rel}","templated":true}]}}