{"id":172439,"date":"2025-05-26T16:35:04","date_gmt":"2025-05-26T19:35:04","guid":{"rendered":"https:\/\/cdnoticias.com\/?p=172439"},"modified":"2025-05-26T16:35:06","modified_gmt":"2025-05-26T19:35:06","slug":"desde-arba-advierten-que-el-nuevo-regimen-fiscal-carece-de-seguridad-juridica","status":"publish","type":"post","link":"https:\/\/cdnoticias.com\/index.php\/2025\/05\/26\/desde-arba-advierten-que-el-nuevo-regimen-fiscal-carece-de-seguridad-juridica\/","title":{"rendered":"Desde ARBA advierten que el nuevo r\u00e9gimen fiscal \u201ccarece de seguridad jur\u00eddica\u201d"},"content":{"rendered":"<p>Cristian Girard se refiri\u00f3 a las medidas del Gobierno Nacional y confirm\u00f3 que la Agencia mantiene sus controles.<!--more--><\/p>\n<hr \/>\n<p>El <strong>director ejecutivo de ARBA, Cristian Girard<\/strong>, cuestion\u00f3 la falta de claridad en los recientes anuncios del Gobierno nacional y remarc\u00f3 que, <strong>pese a las declaraciones oficiales, no se produjeron cambios sustanciales en las obligaciones tributarias vigentes<\/strong>. La Agencia <strong>continuar\u00e1 aplicando las herramientas de fiscalizaci\u00f3n<\/strong> con las que ya viene trabajando.<\/p>\n<p>\u00a0<\/p>\n<blockquote>\n<p>Frente a los anuncios del Gobierno nacional sobre un supuesto \u201cPlan de Reparaci\u00f3n Hist\u00f3rica de los Ahorros\u201d, Girard fue categ\u00f3rico: \u201cNo hay modificaciones concretas en t\u00e9rminos normativos. Las medidas difundidas hasta el momento carecen de seguridad jur\u00eddica y parecen m\u00e1s una promesa electoral que una pol\u00edtica tributaria efectiva y un manotazo de ahogado porque no logran acumular reservas en el marco de la liquidaci\u00f3n de la cosecha gruesa\u201d.<\/p>\n<\/blockquote>\n<p>\u00a0<\/p>\n<p>El titular de ARBA se\u00f1al\u00f3 que <em>lo \u00fanico implementado hasta ahora fue la derogaci\u00f3n o reformulaci\u00f3n de ciertos reg\u00edmenes de informaci\u00f3n y la creaci\u00f3n de un r\u00e9gimen simplificado del impuesto a las Ganancias<\/em>. En este \u00faltimo caso, las personas alcanzadas ya no deben declarar variaciones patrimoniales, sino \u00fanicamente ingresos y gastos deducibles.<\/p>\n<p>\u00a0<\/p>\n<p>\u201cSe lo presenta como una reparaci\u00f3n para ahorristas, pero en realidad <strong>es un mecanismo de blanqueo encubierto que habilita la legalizaci\u00f3n de flujos de fondos no declarados<\/strong>. No apunta a ahorros acumulados, sino que apunta a que no se acumulen fondos no declarados a la espera de un futuro nuevo blanqueo. Pero <strong>la normativa vigente en materia penal tributaria y de prevenci\u00f3n del lavado de dinero sigue intacta<\/strong>. Eso deja a las y los contribuyentes en un limbo legal, porque<strong> no se explicita si este anuncio tendr\u00e1 efectos retroactivos ni cu\u00e1les son sus l\u00edmites reales\u201d<\/strong>, advirti\u00f3 Girard.<\/p>\n<p>\u00a0<\/p>\n<p>Respecto del impacto en la provincia de Buenos Aires, subray\u00f3 que<strong> \u201cARBA sigue trabajando con normalidad, aplicando los mismos criterios de control<\/strong>. Los impuestos provinciales, como Ingresos Brutos o el Inmobiliario, no se ven afectados por estos anuncios. Y la fiscalizaci\u00f3n sigue firme, porque la obligaci\u00f3n de tributar seg\u00fan la capacidad contributiva no cambi\u00f3\u201d.<\/p>\n<p>\u00a0<\/p>\n<p>A su vez, expres\u00f3 preocupaci\u00f3n por el mensaje confuso que puede derivarse de este tipo de anuncios: <strong>\u201cMientras no haya una norma sancionada por el Congreso, todo queda en un terreno incierto.<\/strong> Si una persona adhiere al r\u00e9gimen y luego se comprueba que utiliz\u00f3 fondos de origen il\u00edcito, se le aplicar\u00e1 la normativa vigente. Esto no es una amnist\u00eda ni un nuevo orden fiscal. <strong>Lo \u00fanico concreto es que ARCA deja de controlar. P\u00e1rrafo aparte para la responsabilidad que asumen quienes deciden no reclamar impuestos evadidos\u201d<\/strong>.<\/p>\n<p>\u00a0<\/p>\n<p>Para finalizar, Girard afirm\u00f3: <strong>\u201cDesde ARBA vamos a seguir garantizando el cumplimiento tributario con las herramientas que nos otorga la ley<\/strong>. Nuestra tarea es asegurar que quienes tienen mayor capacidad econ\u00f3mica tributen lo que corresponde. Esa es la \u00fanica forma de construir un sistema justo y de recaudar con equidad para sostener pol\u00edticas p\u00fablicas que beneficien al conjunto de la sociedad\u201d.<\/p>\n\n\n<p><\/p>\n","protected":false},"excerpt":{"rendered":"<p>Cristian Girard se refiri\u00f3 a las medidas del Gobierno Nacional y confirm\u00f3 que la Agencia mantiene sus controles.<\/p>\n","protected":false},"author":4,"featured_media":172440,"comment_status":"closed","ping_status":"closed","sticky":false,"template":"","format":"standard","meta":{"_jetpack_memberships_contains_paid_content":false,"footnotes":""},"categories":[6,1],"tags":[],"class_list":["post-172439","post","type-post","status-publish","format-standard","has-post-thumbnail","hentry","category-nacionales","category-portada"],"jetpack_featured_media_url":"https:\/\/i0.wp.com\/cdnoticias.com\/wp-content\/uploads\/2025\/05\/ARBA-Cristian-Girard-1.jpeg?fit=1120%2C623&ssl=1","jetpack_sharing_enabled":true,"_links":{"self":[{"href":"https:\/\/cdnoticias.com\/index.php\/wp-json\/wp\/v2\/posts\/172439","targetHints":{"allow":["GET"]}}],"collection":[{"href":"https:\/\/cdnoticias.com\/index.php\/wp-json\/wp\/v2\/posts"}],"about":[{"href":"https:\/\/cdnoticias.com\/index.php\/wp-json\/wp\/v2\/types\/post"}],"author":[{"embeddable":true,"href":"https:\/\/cdnoticias.com\/index.php\/wp-json\/wp\/v2\/users\/4"}],"replies":[{"embeddable":true,"href":"https:\/\/cdnoticias.com\/index.php\/wp-json\/wp\/v2\/comments?post=172439"}],"version-history":[{"count":0,"href":"https:\/\/cdnoticias.com\/index.php\/wp-json\/wp\/v2\/posts\/172439\/revisions"}],"wp:featuredmedia":[{"embeddable":true,"href":"https:\/\/cdnoticias.com\/index.php\/wp-json\/wp\/v2\/media\/172440"}],"wp:attachment":[{"href":"https:\/\/cdnoticias.com\/index.php\/wp-json\/wp\/v2\/media?parent=172439"}],"wp:term":[{"taxonomy":"category","embeddable":true,"href":"https:\/\/cdnoticias.com\/index.php\/wp-json\/wp\/v2\/categories?post=172439"},{"taxonomy":"post_tag","embeddable":true,"href":"https:\/\/cdnoticias.com\/index.php\/wp-json\/wp\/v2\/tags?post=172439"}],"curies":[{"name":"wp","href":"https:\/\/api.w.org\/{rel}","templated":true}]}}