{"id":172421,"date":"2025-05-26T08:34:44","date_gmt":"2025-05-26T11:34:44","guid":{"rendered":"https:\/\/cdnoticias.com\/?p=172421"},"modified":"2025-05-26T08:34:46","modified_gmt":"2025-05-26T11:34:46","slug":"las-becas-progresar-desaparecen-cayo-90-el-presupuesto-y-hay-500-mil-beneficiarios-menos","status":"publish","type":"post","link":"https:\/\/cdnoticias.com\/index.php\/2025\/05\/26\/las-becas-progresar-desaparecen-cayo-90-el-presupuesto-y-hay-500-mil-beneficiarios-menos\/","title":{"rendered":"Las becas Progresar desaparecen: cay\u00f3 90% el presupuesto y hay 500 mil beneficiarios menos"},"content":{"rendered":"<p>El gobierno de Milei baj\u00f3 en 15 meses el presupuesto un 90% en t\u00e9rminos reales, para lo cual borr\u00f3 500 mil becarios, les redujo 44% el poder adquisitivo y recortar\u00e1 18% m\u00e1s en 2025.<!--more--><\/p>\n<hr \/>\n<p>El <strong>Programa de Respaldo a Estudiantes de Argentina \u2013conocido como Progresar\u2013 cumpli\u00f3 11 a\u00f1os<\/strong>, el Gobierno de Javier Milei lleva <strong>recortados 500 mil beneficiarios<\/strong> desde que asumi\u00f3 y, en el mismo per\u00edodo, <strong>esmeril\u00f3 el poder adquisitivo un 44%<\/strong>, lo que, en t\u00e9rminos presupuestarios, signific\u00f3 <em>un ahorro en la partida real acumulado de casi 90% hasta fin de 2024.<\/em><\/p>\n<p>El <strong>Centro CEPA<\/strong> difundi\u00f3 estos datos y advirti\u00f3 que, para este a\u00f1o,<strong> lo presupuestado proyecta una reducci\u00f3n adicional de 18% en comparaci\u00f3n con 2024<\/strong>, lo cual sugiere que no <strong>habr\u00e1 recuperaci\u00f3n del poder adquisitivo<\/strong> y que <strong>podr\u00eda haber nuevos recortes<\/strong> en la cantidad de beneficiarios.<\/p>\n<blockquote><p>Si bien la meta f\u00edsica del presupuesto 2025 prev\u00e9 alcanzar 1,5 millones de j\u00f3venes que cobran el subsidio, en 2024 el programa solo lleg\u00f3 a un mill\u00f3n, pese a contar con un monto asignado mayor en t\u00e9rminos reales.\u00a0En cuanto al poder adquisitivo de las becas destinadas a apoyar a los j\u00f3venes en la finalizaci\u00f3n de sus estudios, se hab\u00eda desplomado a la mitad del valor registrado en 2023.<\/p><\/blockquote>\n<p>Al licuarse la asignaci\u00f3n para la beca individual y reducirse entre 2019 y 2025 la cantidad de quienes la perciben, el componente presupuestario destinado a Progresar sigui\u00f3 una din\u00e1mica similar, subraya el informe de Centro CEPA.<\/p>\n<p>Progresar fue implementado en 2014 y ten\u00eda por fin garantizar una transferencia monetaria a las y los<strong> j\u00f3venes entre 18 y 24 a\u00f1os que estudiaran y cuyo hogar no recibiera m\u00e1s de un salario m\u00ednimo<\/strong>.<\/p>\n<p>Actualmente, el programa cuenta con <strong>tres l\u00edneas de becas<\/strong>: Progresar Obligatorio (orientada a la finalizaci\u00f3n del nivel secundario), Progresar Superior (para carreras terciarias y universitarias), y Progresar Trabajo (vinculada a cursos de formaci\u00f3n profesional).<\/p>\n<p>Fuente: <em>Agencia DIB<\/em><\/p>\n","protected":false},"excerpt":{"rendered":"<p>El gobierno de Milei baj\u00f3 en 15 meses el presupuesto un 90% en t\u00e9rminos reales, para lo cual borr\u00f3 500<\/p>\n","protected":false},"author":4,"featured_media":78298,"comment_status":"closed","ping_status":"closed","sticky":false,"template":"","format":"standard","meta":{"_jetpack_memberships_contains_paid_content":false,"footnotes":""},"categories":[6,1],"tags":[],"class_list":["post-172421","post","type-post","status-publish","format-standard","has-post-thumbnail","hentry","category-nacionales","category-portada"],"jetpack_featured_media_url":"https:\/\/i0.wp.com\/cdnoticias.com\/wp-content\/uploads\/2023\/03\/becas-progresar-00.jpg?fit=800%2C445&ssl=1","jetpack_sharing_enabled":true,"_links":{"self":[{"href":"https:\/\/cdnoticias.com\/index.php\/wp-json\/wp\/v2\/posts\/172421","targetHints":{"allow":["GET"]}}],"collection":[{"href":"https:\/\/cdnoticias.com\/index.php\/wp-json\/wp\/v2\/posts"}],"about":[{"href":"https:\/\/cdnoticias.com\/index.php\/wp-json\/wp\/v2\/types\/post"}],"author":[{"embeddable":true,"href":"https:\/\/cdnoticias.com\/index.php\/wp-json\/wp\/v2\/users\/4"}],"replies":[{"embeddable":true,"href":"https:\/\/cdnoticias.com\/index.php\/wp-json\/wp\/v2\/comments?post=172421"}],"version-history":[{"count":0,"href":"https:\/\/cdnoticias.com\/index.php\/wp-json\/wp\/v2\/posts\/172421\/revisions"}],"wp:featuredmedia":[{"embeddable":true,"href":"https:\/\/cdnoticias.com\/index.php\/wp-json\/wp\/v2\/media\/78298"}],"wp:attachment":[{"href":"https:\/\/cdnoticias.com\/index.php\/wp-json\/wp\/v2\/media?parent=172421"}],"wp:term":[{"taxonomy":"category","embeddable":true,"href":"https:\/\/cdnoticias.com\/index.php\/wp-json\/wp\/v2\/categories?post=172421"},{"taxonomy":"post_tag","embeddable":true,"href":"https:\/\/cdnoticias.com\/index.php\/wp-json\/wp\/v2\/tags?post=172421"}],"curies":[{"name":"wp","href":"https:\/\/api.w.org\/{rel}","templated":true}]}}