{"id":172392,"date":"2025-05-25T18:12:57","date_gmt":"2025-05-25T21:12:57","guid":{"rendered":"https:\/\/cdnoticias.com\/?p=172392"},"modified":"2025-05-25T19:37:47","modified_gmt":"2025-05-25T22:37:47","slug":"se-realizara-una-jornada-de-visibilizacion-del-trabajo-sociocomunitario-del-mte","status":"publish","type":"post","link":"https:\/\/cdnoticias.com\/index.php\/2025\/05\/25\/se-realizara-una-jornada-de-visibilizacion-del-trabajo-sociocomunitario-del-mte\/","title":{"rendered":"Se realizar\u00e1 una jornada de visibilizaci\u00f3n del trabajo sociocomunitario del MTE"},"content":{"rendered":"\n<p>Ser\u00e1 este lunes con ollas populares y chocolate caliente en dos puntos del barrio Nicol\u00e1s Avellaneda y Coronel Dorrego. \u201cSabemos que la verdadera riqueza est\u00e1 en la comunidad\u201d indicaron.<\/p>\n\n\n\n<hr class=\"wp-block-separator aligncenter has-alpha-channel-opacity\"\/>\n\n\n\n<p>La rama sociocomunitaria del <strong>Movimiento de Trabajadores Excluidos (MTE) organiz\u00f3 una jornada de visibilizaci\u00f3n del trabajo este lunes 26 en sus sedes barriales de Nicol\u00e1s Avellaneda y Coronel Dorrego.<\/strong><\/p>\n\n\n\n<p><em>\u201cLa rama Sociocomunitaria del MTE surge como respuesta popular al hambre generado por este sistema injusto. Desde esa necesidad se gestionaron propias pol\u00edticas de cuidado y alimentaci\u00f3n para los pibes y pibas de los barrios, se generaron merenderos, ollas populares, actividades culturales y deportivas\u201d<\/em> indicaron desde el MTE en un comunicado anunciando la actividad.<\/p>\n\n\n\n<p>Justamente, <em><strong>\u201cla construcci\u00f3n y compromiso de principalmente nuestras compa\u00f1eras, hacen posible que existan estos espacios donde se construyen redes de resistencia y esperanza\u201d.<\/strong><\/em><\/p>\n\n\n\n<blockquote class=\"wp-block-quote is-layout-flow wp-block-quote-is-layout-flow\">\n<p>Se mostraron \u201corgullosos\u201d de este trabajo \u201cel que hacemos con amor y convicci\u00f3n, porque sabemos que la verdadera riqueza est\u00e1 en la comunidad, en el apoyo mutuo y en la fuerza de los que luchan por un futuro mejor\u201d.<\/p>\n<\/blockquote>\n\n\n\n<p><strong>Desde las 08:30 se realizar\u00e1n ollas populares y servir\u00e1n chocolate caliente en dos puntos: Calle 18 N\u00b0 3595, en barrio Nicol\u00e1s Avellaneda, y en Cris\u00f3logo Larralde 3193, barrio Coronel Dorrego.<\/strong><\/p>\n","protected":false},"excerpt":{"rendered":"<p>Ser\u00e1 este lunes con ollas populares y chocolate caliente en dos puntos del barrio Nicol\u00e1s Avellaneda y Coronel Dorrego. \u201cSabemos<\/p>\n","protected":false},"author":2,"featured_media":172393,"comment_status":"closed","ping_status":"closed","sticky":false,"template":"","format":"standard","meta":{"_jetpack_memberships_contains_paid_content":false,"footnotes":""},"categories":[5,1],"tags":[],"class_list":["post-172392","post","type-post","status-publish","format-standard","has-post-thumbnail","hentry","category-informacion-general","category-portada"],"jetpack_featured_media_url":"https:\/\/i0.wp.com\/cdnoticias.com\/wp-content\/uploads\/2025\/05\/WhatsApp-Image-2025-05-25-at-14.12.38-1.jpeg?fit=1027%2C735&ssl=1","jetpack_sharing_enabled":true,"_links":{"self":[{"href":"https:\/\/cdnoticias.com\/index.php\/wp-json\/wp\/v2\/posts\/172392","targetHints":{"allow":["GET"]}}],"collection":[{"href":"https:\/\/cdnoticias.com\/index.php\/wp-json\/wp\/v2\/posts"}],"about":[{"href":"https:\/\/cdnoticias.com\/index.php\/wp-json\/wp\/v2\/types\/post"}],"author":[{"embeddable":true,"href":"https:\/\/cdnoticias.com\/index.php\/wp-json\/wp\/v2\/users\/2"}],"replies":[{"embeddable":true,"href":"https:\/\/cdnoticias.com\/index.php\/wp-json\/wp\/v2\/comments?post=172392"}],"version-history":[{"count":0,"href":"https:\/\/cdnoticias.com\/index.php\/wp-json\/wp\/v2\/posts\/172392\/revisions"}],"wp:featuredmedia":[{"embeddable":true,"href":"https:\/\/cdnoticias.com\/index.php\/wp-json\/wp\/v2\/media\/172393"}],"wp:attachment":[{"href":"https:\/\/cdnoticias.com\/index.php\/wp-json\/wp\/v2\/media?parent=172392"}],"wp:term":[{"taxonomy":"category","embeddable":true,"href":"https:\/\/cdnoticias.com\/index.php\/wp-json\/wp\/v2\/categories?post=172392"},{"taxonomy":"post_tag","embeddable":true,"href":"https:\/\/cdnoticias.com\/index.php\/wp-json\/wp\/v2\/tags?post=172392"}],"curies":[{"name":"wp","href":"https:\/\/api.w.org\/{rel}","templated":true}]}}