{"id":17237,"date":"2021-03-26T16:17:29","date_gmt":"2021-03-26T19:17:29","guid":{"rendered":"http:\/\/www.centraldenoticias.com.ar\/?p=17237"},"modified":"2021-03-26T16:17:29","modified_gmt":"2021-03-26T19:17:29","slug":"covid-por-la-suba-de-casos-el-foro-olavarria-pidio-extremar-cuidados","status":"publish","type":"post","link":"https:\/\/cdnoticias.com\/index.php\/2021\/03\/26\/covid-por-la-suba-de-casos-el-foro-olavarria-pidio-extremar-cuidados\/","title":{"rendered":"COVID: por la suba de casos, el Foro Olavarr\u00eda pidi\u00f3 \u201cextremar cuidados\u201d"},"content":{"rendered":"<p>Ante el aumento de casos y las nuevas medidas restrictivas, el espacio conducido por los concejales Eduardo Rodr\u00edguez e In\u00e9s Creimer llam\u00f3 a respetar las medidas sanitarias dispuestas por las autoridades.\u00a0<!--more--><\/p>\n<hr \/>\n<p>En el marco de una semana m\u00e1s compleja por la suba de casos de COVID,<strong> el Foro Olavarr\u00eda llam\u00f3 al respeto de cuidados y cumplimiento de medidas sanitarias.<\/strong><\/p>\n<p>&nbsp;<\/p>\n<p>Desde el espacio conducido por el concejal Eduardo Rodr\u00edguez y la concejala In\u00e9s Creimer manifestaron que <strong><em>&#8220;hacemos un llamado a la responsabilidad y a cuidarnos entre todos&#8221;<\/em><\/strong> y sostuvieron que<em> &#8220;para poder seguir desarrollando las actividades laborales, comerciales, productivas y educativas es indispensable extremar las medidas de higiene y cuidado frente al coronavirus&#8221;.<\/em><\/p>\n<p>&nbsp;<\/p>\n<p>En este sentido, se hizo especial hincapi\u00e9 en medidas que quiz\u00e1s son las m\u00e1s b\u00e1sicas, pero que en recorridas por las ciudad se ve \u201crelajamiento\u201d y se solicita sostener este cuidado para evitar rebrotes o contagios masivos: <strong>Respetar el distanciamiento social; Buen uso del barbijo; Lavado de manos con agua y jab\u00f3n. De no ser posible, utilizar alcohol en gel; Respetar todas las medidas dispuestas por las autoridades sanitarias.<\/strong><\/p>\n<p>&nbsp;<\/p>\n<p>Por \u00faltimo, el Foro Olavarr\u00eda <strong>agradeci\u00f3 y reconoci\u00f3 a todos los trabajadores y trabajadoras esenciales, en especial a las y los de nuestro \u201cquerido y respetado Hospital Municipal &#8220;Dr. H\u00e9ctor Cura\u201d\u201d.<\/strong><\/p>\n","protected":false},"excerpt":{"rendered":"<p>Ante el aumento de casos y las nuevas medidas restrictivas, el espacio conducido por los concejales Eduardo Rodr\u00edguez e In\u00e9s<\/p>\n","protected":false},"author":2,"featured_media":17238,"comment_status":"closed","ping_status":"closed","sticky":false,"template":"","format":"standard","meta":{"_jetpack_memberships_contains_paid_content":false,"footnotes":""},"categories":[4,1],"tags":[],"class_list":["post-17237","post","type-post","status-publish","format-standard","has-post-thumbnail","hentry","category-politica","category-portada"],"jetpack_featured_media_url":"https:\/\/i0.wp.com\/cdnoticias.com\/wp-content\/uploads\/2021\/03\/WhatsApp-Image-2021-03-26-at-12.12.00.jpeg?fit=1080%2C642&ssl=1","jetpack_sharing_enabled":true,"_links":{"self":[{"href":"https:\/\/cdnoticias.com\/index.php\/wp-json\/wp\/v2\/posts\/17237","targetHints":{"allow":["GET"]}}],"collection":[{"href":"https:\/\/cdnoticias.com\/index.php\/wp-json\/wp\/v2\/posts"}],"about":[{"href":"https:\/\/cdnoticias.com\/index.php\/wp-json\/wp\/v2\/types\/post"}],"author":[{"embeddable":true,"href":"https:\/\/cdnoticias.com\/index.php\/wp-json\/wp\/v2\/users\/2"}],"replies":[{"embeddable":true,"href":"https:\/\/cdnoticias.com\/index.php\/wp-json\/wp\/v2\/comments?post=17237"}],"version-history":[{"count":0,"href":"https:\/\/cdnoticias.com\/index.php\/wp-json\/wp\/v2\/posts\/17237\/revisions"}],"wp:featuredmedia":[{"embeddable":true,"href":"https:\/\/cdnoticias.com\/index.php\/wp-json\/wp\/v2\/media\/17238"}],"wp:attachment":[{"href":"https:\/\/cdnoticias.com\/index.php\/wp-json\/wp\/v2\/media?parent=17237"}],"wp:term":[{"taxonomy":"category","embeddable":true,"href":"https:\/\/cdnoticias.com\/index.php\/wp-json\/wp\/v2\/categories?post=17237"},{"taxonomy":"post_tag","embeddable":true,"href":"https:\/\/cdnoticias.com\/index.php\/wp-json\/wp\/v2\/tags?post=17237"}],"curies":[{"name":"wp","href":"https:\/\/api.w.org\/{rel}","templated":true}]}}