{"id":172345,"date":"2025-05-25T12:42:56","date_gmt":"2025-05-25T15:42:56","guid":{"rendered":"https:\/\/cdnoticias.com\/?p=172345"},"modified":"2025-05-25T12:42:58","modified_gmt":"2025-05-25T15:42:58","slug":"colocaron-una-estrella-amarilla-en-coronel-suarez","status":"publish","type":"post","link":"https:\/\/cdnoticias.com\/index.php\/2025\/05\/25\/colocaron-una-estrella-amarilla-en-coronel-suarez\/","title":{"rendered":"Colocaron una Estrella Amarilla en Coronel Su\u00e1rez"},"content":{"rendered":"\n<p>Fue en ruta provincial N\u00b0 85 a unos 3,5 kil\u00f3metros de la rotonda de acceso a la ciudad. Recordaron a Mar\u00eda Bel\u00e9n Spitale, fallecida en un siniestro vial en 2024.<\/p>\n\n\n\n<hr class=\"wp-block-separator has-alpha-channel-opacity\"\/>\n\n\n\n<p>El s\u00e1bado fue colocado un cartel de Estrellas Amarillas Olavarr\u00eda en la<strong> ruta provincial N\u00ba 85 a unos 3,5 km de la rotonda de acceso a la ciudad<\/strong> de Coronel Su\u00e1rez.<\/p>\n\n\n\n<p><\/p>\n\n\n\n<p>En ese punto,<strong> el 3 de noviembre de 2024, falleci\u00f3 en un tr\u00e1gico siniestro vial a los 34 a\u00f1os, Mar\u00eda Bel\u00e9n Spitale<\/strong>, olavarriense radicada en Coronel Su\u00e1rez.<\/p>\n\n\n\n<p><\/p>\n\n\n\n<p>El fatal episodio ocurri\u00f3 tras una<strong> colisi\u00f3n entre la moto en la que circulaba Mar\u00eda Bel\u00e9n y una camioneta Toyota Hilux.<\/strong><\/p>\n\n\n\n<p><\/p>\n\n\n\n<p>Familiares de la v\u00edctima<strong> tomaron contacto con la agrupaci\u00f3n para que colocar un cartel con una Estrella Amarilla <\/strong>en el lugar del siniestro.<\/p>\n\n\n\n<p><\/p>\n\n\n\n<p><strong>En un acto emotivo y en la fecha en la hubiera cumplido a\u00f1os Mar\u00eda Bel\u00e9n, fue colocado el s\u00edmbolo. <\/strong>\u201cDestacamos la valent\u00eda y la resiliencia de los familiares de Mar\u00eda Bel\u00e9n, quienes permiten que el nombre de su v\u00edctima fatal forme parte de una se\u00f1al de precauci\u00f3n intentando que, al menos en ese lugar se transite con extremo cuidado\u201d, se\u00f1alaron desde la organizaci\u00f3n.<\/p>\n\n\n\n<p><\/p>\n\n\n\n<p>Asimismo, agradecieron a \u201c<strong>Mat\u00edas y Mauricio Cibran, titulares de la empresa Eme Impresiones<\/strong>, quienes, como siempre desinteresadamente, realizaron la impresi\u00f3n gr\u00e1fica de la carteler\u00eda\u201d.<\/p>\n\n\n\n<p><\/p>\n\n\n\n<p>\u201cNuestra gratitud tambi\u00e9n al <strong>Municipio de Olavarr\u00eda,<\/strong> el cual, siguiendo la l\u00ednea de administraciones anteriores, en este caso con la gesti\u00f3n del Intendente Maximiliano Wesner nos facilit\u00f3 materiales y log\u00edstica para llevar a cabo este evento\u201d, concluyeron.<\/p>\n","protected":false},"excerpt":{"rendered":"<p>Fue en ruta provincial N\u00b0 85 a unos 3,5 kil\u00f3metros de la rotonda de acceso a la ciudad. Recordaron a<\/p>\n","protected":false},"author":5,"featured_media":172346,"comment_status":"closed","ping_status":"closed","sticky":false,"template":"","format":"standard","meta":{"_jetpack_memberships_contains_paid_content":false,"footnotes":""},"categories":[5,1],"tags":[],"class_list":["post-172345","post","type-post","status-publish","format-standard","has-post-thumbnail","hentry","category-informacion-general","category-portada"],"jetpack_featured_media_url":"https:\/\/i0.wp.com\/cdnoticias.com\/wp-content\/uploads\/2025\/05\/estrella-amarilla.png?fit=800%2C445&ssl=1","jetpack_sharing_enabled":true,"_links":{"self":[{"href":"https:\/\/cdnoticias.com\/index.php\/wp-json\/wp\/v2\/posts\/172345","targetHints":{"allow":["GET"]}}],"collection":[{"href":"https:\/\/cdnoticias.com\/index.php\/wp-json\/wp\/v2\/posts"}],"about":[{"href":"https:\/\/cdnoticias.com\/index.php\/wp-json\/wp\/v2\/types\/post"}],"author":[{"embeddable":true,"href":"https:\/\/cdnoticias.com\/index.php\/wp-json\/wp\/v2\/users\/5"}],"replies":[{"embeddable":true,"href":"https:\/\/cdnoticias.com\/index.php\/wp-json\/wp\/v2\/comments?post=172345"}],"version-history":[{"count":0,"href":"https:\/\/cdnoticias.com\/index.php\/wp-json\/wp\/v2\/posts\/172345\/revisions"}],"wp:featuredmedia":[{"embeddable":true,"href":"https:\/\/cdnoticias.com\/index.php\/wp-json\/wp\/v2\/media\/172346"}],"wp:attachment":[{"href":"https:\/\/cdnoticias.com\/index.php\/wp-json\/wp\/v2\/media?parent=172345"}],"wp:term":[{"taxonomy":"category","embeddable":true,"href":"https:\/\/cdnoticias.com\/index.php\/wp-json\/wp\/v2\/categories?post=172345"},{"taxonomy":"post_tag","embeddable":true,"href":"https:\/\/cdnoticias.com\/index.php\/wp-json\/wp\/v2\/tags?post=172345"}],"curies":[{"name":"wp","href":"https:\/\/api.w.org\/{rel}","templated":true}]}}