{"id":172342,"date":"2025-05-25T18:15:37","date_gmt":"2025-05-25T21:15:37","guid":{"rendered":"https:\/\/cdnoticias.com\/?p=172342"},"modified":"2025-05-25T18:24:50","modified_gmt":"2025-05-25T21:24:50","slug":"cerro-negro-plantean-suspensiones-por-60-dias-y-despidos-al-50-de-la-indemnizacion","status":"publish","type":"post","link":"https:\/\/cdnoticias.com\/index.php\/2025\/05\/25\/cerro-negro-plantean-suspensiones-por-60-dias-y-despidos-al-50-de-la-indemnizacion\/","title":{"rendered":"Cerro Negro: plantean \u201csuspensiones por 60 d\u00edas\u201d y \u201cdespidos al 50% de la indemnizaci\u00f3n\u201d"},"content":{"rendered":"\n<p>El dirigente gremial Gustavo Bustamante se\u00f1al\u00f3 que la empresa solicit\u00f3 el procedimiento preventivo de crisis en sus tres plantas. De otorgarse, estar\u00edan afectados m\u00e1s de 500 trabajadores. Las paritarias a\u00fan sin cerrar y la situaci\u00f3n de la cer\u00e1mica en el pa\u00eds.<\/p>\n\n\n\n<hr class=\"wp-block-separator has-alpha-channel-opacity\"\/>\n\n\n\n<p><strong>Gustavo Bustamante, secretario General del Soeco en Olavarr\u00eda<\/strong>, dialog\u00f3 con<strong><em> Central de Noticias<\/em><\/strong> y comunic\u00f3 que la f\u00e1brica <strong>Cerro Negro solicit\u00f3 el pedido de un procedimiento preventivo de crisis (PPC)<\/strong>, que es un mecanismo legal que permite a las empresas, ante una situaci\u00f3n de crisis econ\u00f3mica o laboral, reducir horarios, suspender personal o, en \u00faltima instancia, despedir con una indemnizaci\u00f3n reducida.<\/p>\n\n\n\n<p><\/p>\n\n\n\n<p>\u201c<strong>Cerro Negro present\u00f3 el PPC por las tres plantas: Olavarr\u00eda, C\u00f3rdoba y Cormela, una f\u00e1brica que tienen en Campana.<\/strong> Todav\u00eda no lo tienen aprobado porque lo tienen en tr\u00e1mite, podemos esperar cualquier cosa del Ministerio de Trabajo de Naci\u00f3n\u201d, afirm\u00f3 Bustamante.<\/p>\n\n\n\n<p><\/p>\n\n\n\n<p>En ese sentido, especific\u00f3 que la intenci\u00f3n de Cerro Negro es<strong> en una primera etapa \u201csuspender por 60 d\u00edas las tres plantas en distintas fechas. <\/strong>En Olavarr\u00eda <strong>arrancar\u00edan el 16 de junio con una l\u00ednea, el 23 de junio parar\u00eda otra l\u00ednea y en agosto o septiembre parar\u00edan la planta de ladrillo de Olavarr\u00eda y Cormela<\/strong>\u201d y vaticin\u00f3: \u201cse viene un panorama muy muy complicado, muy duro\u201d.<\/p>\n\n\n\n<p><\/p>\n\n\n\n<figure class=\"wp-block-image size-full\"><img data-recalc-dims=\"1\" loading=\"lazy\" decoding=\"async\" width=\"800\" height=\"445\" src=\"https:\/\/i0.wp.com\/cdnoticias.com\/wp-content\/uploads\/2025\/04\/cerro-negro-01.png?resize=800%2C445&#038;ssl=1\" alt=\"\" class=\"wp-image-169877\" srcset=\"https:\/\/i0.wp.com\/cdnoticias.com\/wp-content\/uploads\/2025\/04\/cerro-negro-01.png?w=800&amp;ssl=1 800w, https:\/\/i0.wp.com\/cdnoticias.com\/wp-content\/uploads\/2025\/04\/cerro-negro-01.png?resize=300%2C167&amp;ssl=1 300w, https:\/\/i0.wp.com\/cdnoticias.com\/wp-content\/uploads\/2025\/04\/cerro-negro-01.png?resize=768%2C427&amp;ssl=1 768w\" sizes=\"auto, (max-width: 800px) 100vw, 800px\" \/><\/figure>\n\n\n\n<p><\/p>\n\n\n\n<blockquote class=\"wp-block-quote is-layout-flow wp-block-quote-is-layout-flow\">\n<p>\u201cEllos est\u00e1n planteando el preventivo de crisis primero por suspensiones a un 70% del neto, de bolsillo. Pero ac\u00e1 estamos ante un gran problema porque todav\u00eda no se han podido cerrar las paritarias 2024-2025\u201d, aclar\u00f3.<\/p>\n<\/blockquote>\n\n\n\n<p><\/p>\n\n\n\n<p>En ese sentido, el dirigente gremial explic\u00f3 que las paritarias del sector \u201carrancan en mayo 2024 y terminan en abril 2025.<strong> No hemos podido cerrar las paritarias, solamente hemos recibido en todo el a\u00f1o un 19% <\/strong>cuando estamos hablando de una inflaci\u00f3n interanual de mayo a abril del 47%, 48%. Estamos casi 30 puntos abajo\u201d.<\/p>\n\n\n\n<p><\/p>\n\n\n\n<p>Bustamante, agreg\u00f3 que<strong> de concretarse la medida de suspensiones en Olavarr\u00eda afectar\u00eda a \u201cen primer lugar cuando pare la l\u00ednea de pisos estamos hablando de 200 trabajadores. Cuando pare la de ladrillo hablamos de entre 48 y 52 trabajadores.<\/strong> Parar\u00edan en distintas fechas\u201d.<\/p>\n\n\n\n<p><\/p>\n\n\n\n<blockquote class=\"wp-block-quote is-layout-flow wp-block-quote-is-layout-flow\">\n<p>\u201cA su vez est\u00e1n parando Cormela y la planta de pisos de C\u00f3rdoba. En el total de las tres plantas se habla de 500 trabajadores aproximadamente\u201d, indic\u00f3 Bustamante y se refiri\u00f3 que este ser\u00eda el primer paso ya que \u201cdentro del PPC que lo pr\u00f3ximo despu\u00e9s de las suspensiones son los despidos por el 50% de la indemnizaci\u00f3n\u201d.<\/p>\n<\/blockquote>\n\n\n\n<p><\/p>\n\n\n\n<p><strong>La segunda etapa profundizar\u00eda las medidas: <\/strong>\u201cdentro del PPC esto tambi\u00e9n lo plantean. Hace rato que venimos diciendo que esto va de peor en peor, no vemos ni a mediano ni a largo plazo que esto mejore con las pol\u00edticas que tenemos. <strong>Ellos est\u00e1n viendo que esto no va a mejorar, por eso est\u00e1n planteando el art\u00edculo 247 (de la Ley de Contrato de Trabajo), es decir, despedir por el 50%<\/strong>\u201d.<\/p>\n\n\n\n<p><\/p>\n\n\n\n<p>Por \u00faltimo, Bustamante se\u00f1al\u00f3 que \u201c<strong>salvo Azul que inaugur\u00f3 una planta nueva<\/strong>, Cer\u00e1micas San Lorenzo, que est\u00e1 produciendo, pero tambi\u00e9n no vendiendo lo que realmente quieren vender, <strong>el 90% de la cer\u00e1mica del pa\u00eds est\u00e1 igual, con suspensiones y despidos. Es un caos<\/strong>\u201d.<\/p>\n","protected":false},"excerpt":{"rendered":"<p>El dirigente gremial Gustavo Bustamante se\u00f1al\u00f3 que la empresa solicit\u00f3 el procedimiento preventivo de crisis en sus tres plantas. De<\/p>\n","protected":false},"author":5,"featured_media":169046,"comment_status":"closed","ping_status":"closed","sticky":false,"template":"","format":"standard","meta":{"_jetpack_memberships_contains_paid_content":false,"footnotes":""},"categories":[5,1],"tags":[],"class_list":["post-172342","post","type-post","status-publish","format-standard","has-post-thumbnail","hentry","category-informacion-general","category-portada"],"jetpack_featured_media_url":"https:\/\/i0.wp.com\/cdnoticias.com\/wp-content\/uploads\/2025\/04\/Gustavo-Bustamante-Soeco.jpg?fit=1024%2C680&ssl=1","jetpack_sharing_enabled":true,"_links":{"self":[{"href":"https:\/\/cdnoticias.com\/index.php\/wp-json\/wp\/v2\/posts\/172342","targetHints":{"allow":["GET"]}}],"collection":[{"href":"https:\/\/cdnoticias.com\/index.php\/wp-json\/wp\/v2\/posts"}],"about":[{"href":"https:\/\/cdnoticias.com\/index.php\/wp-json\/wp\/v2\/types\/post"}],"author":[{"embeddable":true,"href":"https:\/\/cdnoticias.com\/index.php\/wp-json\/wp\/v2\/users\/5"}],"replies":[{"embeddable":true,"href":"https:\/\/cdnoticias.com\/index.php\/wp-json\/wp\/v2\/comments?post=172342"}],"version-history":[{"count":0,"href":"https:\/\/cdnoticias.com\/index.php\/wp-json\/wp\/v2\/posts\/172342\/revisions"}],"wp:featuredmedia":[{"embeddable":true,"href":"https:\/\/cdnoticias.com\/index.php\/wp-json\/wp\/v2\/media\/169046"}],"wp:attachment":[{"href":"https:\/\/cdnoticias.com\/index.php\/wp-json\/wp\/v2\/media?parent=172342"}],"wp:term":[{"taxonomy":"category","embeddable":true,"href":"https:\/\/cdnoticias.com\/index.php\/wp-json\/wp\/v2\/categories?post=172342"},{"taxonomy":"post_tag","embeddable":true,"href":"https:\/\/cdnoticias.com\/index.php\/wp-json\/wp\/v2\/tags?post=172342"}],"curies":[{"name":"wp","href":"https:\/\/api.w.org\/{rel}","templated":true}]}}