{"id":172309,"date":"2025-05-24T16:44:12","date_gmt":"2025-05-24T19:44:12","guid":{"rendered":"https:\/\/cdnoticias.com\/?p=172309"},"modified":"2025-05-24T16:44:14","modified_gmt":"2025-05-24T19:44:14","slug":"la-camara-empresaria-entrego-distinciones-a-los-representantes-locales-en-el-premio-feba-cultura","status":"publish","type":"post","link":"https:\/\/cdnoticias.com\/index.php\/2025\/05\/24\/la-camara-empresaria-entrego-distinciones-a-los-representantes-locales-en-el-premio-feba-cultura\/","title":{"rendered":"La C\u00e1mara Empresaria entreg\u00f3 distinciones a los representantes locales en el Premio FEBA Cultura"},"content":{"rendered":"\n<p>Fueron para Mauricio D\u2019Amico en Artesan\u00eda e Instrumental Huella Pampa en M\u00fasica. El evento se desarrollar\u00e1 este 30 de mayo en La Plata.<\/p>\n\n\n\n<hr class=\"wp-block-separator aligncenter has-alpha-channel-opacity\"\/>\n\n\n\n<p>La<strong> C\u00e1mara Empresaria de Olavarr\u00eda entreg\u00f3 distinciones a los finalistas que representar\u00e1n a la ciudad en el Premio FEBA Cultura, que se llevar\u00e1 a cabo el pr\u00f3ximo 30 de mayo en La Plata.<\/strong><\/p>\n\n\n\n<p>Los finalistas son:<\/p>\n\n\n\n<p>&#8211; <strong>Mauricio D&#8217;Amico<\/strong>, en la categor\u00eda Artesan\u00eda<\/p>\n\n\n\n<p>&#8211;<strong> Instrumental Huella Pampa<\/strong>, en la categor\u00eda M\u00fasica<\/p>\n\n\n\n<figure class=\"wp-block-image size-large\"><img data-recalc-dims=\"1\" loading=\"lazy\" decoding=\"async\" width=\"800\" height=\"360\" src=\"https:\/\/i0.wp.com\/cdnoticias.com\/wp-content\/uploads\/2025\/05\/camara-empresaria-feba-cultura1.jpeg?resize=800%2C360&#038;ssl=1\" alt=\"\" class=\"wp-image-172311\" srcset=\"https:\/\/i0.wp.com\/cdnoticias.com\/wp-content\/uploads\/2025\/05\/camara-empresaria-feba-cultura1.jpeg?resize=1024%2C461&amp;ssl=1 1024w, https:\/\/i0.wp.com\/cdnoticias.com\/wp-content\/uploads\/2025\/05\/camara-empresaria-feba-cultura1.jpeg?resize=300%2C135&amp;ssl=1 300w, https:\/\/i0.wp.com\/cdnoticias.com\/wp-content\/uploads\/2025\/05\/camara-empresaria-feba-cultura1.jpeg?resize=768%2C346&amp;ssl=1 768w, https:\/\/i0.wp.com\/cdnoticias.com\/wp-content\/uploads\/2025\/05\/camara-empresaria-feba-cultura1.jpeg?resize=1536%2C692&amp;ssl=1 1536w, https:\/\/i0.wp.com\/cdnoticias.com\/wp-content\/uploads\/2025\/05\/camara-empresaria-feba-cultura1.jpeg?w=1600&amp;ssl=1 1600w\" sizes=\"auto, (max-width: 800px) 100vw, 800px\" \/><\/figure>\n\n\n\n<p>Estos talentosos <strong>representantes de Olavarr\u00eda fueron elegidos entre m\u00e1s de 94 ciudades de la provincia, lo que<em> \u201cya los convierte en ganadores\u201d <\/em>indicaron desde la instituci\u00f3n local.<\/strong><\/p>\n\n\n\n<p>El presidente de la C\u00e1mara Empresaria de Olavarr\u00eda, Mario Antista, destac\u00f3 que<em><strong> &#8220;ya son ganadores al ser reconocidos entre tantos postulantes&#8221;<\/strong><\/em> y les dese\u00f3 suerte para el pr\u00f3ximo viernes.<\/p>\n\n\n\n<p>La C\u00e1mara Empresaria de Olavarr\u00eda<em> &#8220;se enorgullece de apoyar y reconocer el talento local, y espera con ansias el resultado del Premio FEBA Cultura&#8221;.<\/em><\/p>\n\n\n\n<p><\/p>\n","protected":false},"excerpt":{"rendered":"<p>Fueron para Mauricio D\u2019Amico en Artesan\u00eda e Instrumental Huella Pampa en M\u00fasica. El evento se desarrollar\u00e1 este 30 de mayo<\/p>\n","protected":false},"author":2,"featured_media":172310,"comment_status":"closed","ping_status":"closed","sticky":false,"template":"","format":"standard","meta":{"_jetpack_memberships_contains_paid_content":false,"footnotes":""},"categories":[9,1],"tags":[],"class_list":["post-172309","post","type-post","status-publish","format-standard","has-post-thumbnail","hentry","category-cultura","category-portada"],"jetpack_featured_media_url":"https:\/\/i0.wp.com\/cdnoticias.com\/wp-content\/uploads\/2025\/05\/camara-empresaria-feba-cultura.jpeg?fit=1600%2C721&ssl=1","jetpack_sharing_enabled":true,"_links":{"self":[{"href":"https:\/\/cdnoticias.com\/index.php\/wp-json\/wp\/v2\/posts\/172309","targetHints":{"allow":["GET"]}}],"collection":[{"href":"https:\/\/cdnoticias.com\/index.php\/wp-json\/wp\/v2\/posts"}],"about":[{"href":"https:\/\/cdnoticias.com\/index.php\/wp-json\/wp\/v2\/types\/post"}],"author":[{"embeddable":true,"href":"https:\/\/cdnoticias.com\/index.php\/wp-json\/wp\/v2\/users\/2"}],"replies":[{"embeddable":true,"href":"https:\/\/cdnoticias.com\/index.php\/wp-json\/wp\/v2\/comments?post=172309"}],"version-history":[{"count":0,"href":"https:\/\/cdnoticias.com\/index.php\/wp-json\/wp\/v2\/posts\/172309\/revisions"}],"wp:featuredmedia":[{"embeddable":true,"href":"https:\/\/cdnoticias.com\/index.php\/wp-json\/wp\/v2\/media\/172310"}],"wp:attachment":[{"href":"https:\/\/cdnoticias.com\/index.php\/wp-json\/wp\/v2\/media?parent=172309"}],"wp:term":[{"taxonomy":"category","embeddable":true,"href":"https:\/\/cdnoticias.com\/index.php\/wp-json\/wp\/v2\/categories?post=172309"},{"taxonomy":"post_tag","embeddable":true,"href":"https:\/\/cdnoticias.com\/index.php\/wp-json\/wp\/v2\/tags?post=172309"}],"curies":[{"name":"wp","href":"https:\/\/api.w.org\/{rel}","templated":true}]}}