{"id":172297,"date":"2025-05-24T09:36:22","date_gmt":"2025-05-24T12:36:22","guid":{"rendered":"https:\/\/cdnoticias.com\/?p=172297"},"modified":"2025-05-24T09:36:23","modified_gmt":"2025-05-24T12:36:23","slug":"jorge-alberto-montenegro-q-e-p-d","status":"publish","type":"post","link":"https:\/\/cdnoticias.com\/index.php\/2025\/05\/24\/jorge-alberto-montenegro-q-e-p-d\/","title":{"rendered":"Jorge Alberto Montenegro (Q.E.P.D.)"},"content":{"rendered":"\n<hr class=\"wp-block-separator aligncenter has-alpha-channel-opacity\"\/>\n\n\n\n<p>Falleci\u00f3 en Olavarr\u00eda el 24 de mayo de 2025 a los 78 a\u00f1os. Su esposa Elsa Noemi Eyarch; sus hijos Alejandro, Guillermo, Ariel, Andrea y Jorgelina; sus hijos politicos Edgardo, Florencia, Lorena y Maximiliano; sus nietos Indira, Geremias, Manuel, Tomas, Felipe, Mariana, Pablo, Ayinir, Isabella y Elena; sus bisnietos y dem\u00e1s familiares participan su fallecimiento.<\/p>\n\n\n\n<p>Sus restos ser\u00e1n velados en la Sala de Espa\u00f1a 2942 departamento \u201cD\u201d e inhumados en el Cementerio Municipal de Hinojo este s\u00e1bado 24 de mayo a las 14:30 horas. Servicio adherido a Coopelectric.&nbsp;<\/p>\n\n\n\n<p>Nacido en Bol\u00edvar, vecino de barrio Mariano Moreno, jubilado.<\/p>\n","protected":false},"excerpt":{"rendered":"<p>Falleci\u00f3 en Olavarr\u00eda el 24 de mayo de 2025 a los 78 a\u00f1os. Su esposa Elsa Noemi Eyarch; sus hijos<\/p>\n","protected":false},"author":2,"featured_media":100390,"comment_status":"closed","ping_status":"closed","sticky":false,"template":"","format":"standard","meta":{"_jetpack_memberships_contains_paid_content":false,"footnotes":""},"categories":[10],"tags":[],"class_list":["post-172297","post","type-post","status-publish","format-standard","has-post-thumbnail","hentry","category-necrologicas"],"jetpack_featured_media_url":"https:\/\/i0.wp.com\/cdnoticias.com\/wp-content\/uploads\/2023\/10\/necrologicas-390-x-240.jpg?fit=390%2C240&ssl=1","jetpack_sharing_enabled":true,"_links":{"self":[{"href":"https:\/\/cdnoticias.com\/index.php\/wp-json\/wp\/v2\/posts\/172297","targetHints":{"allow":["GET"]}}],"collection":[{"href":"https:\/\/cdnoticias.com\/index.php\/wp-json\/wp\/v2\/posts"}],"about":[{"href":"https:\/\/cdnoticias.com\/index.php\/wp-json\/wp\/v2\/types\/post"}],"author":[{"embeddable":true,"href":"https:\/\/cdnoticias.com\/index.php\/wp-json\/wp\/v2\/users\/2"}],"replies":[{"embeddable":true,"href":"https:\/\/cdnoticias.com\/index.php\/wp-json\/wp\/v2\/comments?post=172297"}],"version-history":[{"count":0,"href":"https:\/\/cdnoticias.com\/index.php\/wp-json\/wp\/v2\/posts\/172297\/revisions"}],"wp:featuredmedia":[{"embeddable":true,"href":"https:\/\/cdnoticias.com\/index.php\/wp-json\/wp\/v2\/media\/100390"}],"wp:attachment":[{"href":"https:\/\/cdnoticias.com\/index.php\/wp-json\/wp\/v2\/media?parent=172297"}],"wp:term":[{"taxonomy":"category","embeddable":true,"href":"https:\/\/cdnoticias.com\/index.php\/wp-json\/wp\/v2\/categories?post=172297"},{"taxonomy":"post_tag","embeddable":true,"href":"https:\/\/cdnoticias.com\/index.php\/wp-json\/wp\/v2\/tags?post=172297"}],"curies":[{"name":"wp","href":"https:\/\/api.w.org\/{rel}","templated":true}]}}