{"id":172258,"date":"2025-05-25T09:01:20","date_gmt":"2025-05-25T12:01:20","guid":{"rendered":"https:\/\/cdnoticias.com\/?p=172258"},"modified":"2025-05-25T18:24:33","modified_gmt":"2025-05-25T21:24:33","slug":"programa-giro-las-promotoras-estaran-en-la-ruta-amarilla","status":"publish","type":"post","link":"https:\/\/cdnoticias.com\/index.php\/2025\/05\/25\/programa-giro-las-promotoras-estaran-en-la-ruta-amarilla\/","title":{"rendered":"Programa GIRO: las promotoras estar\u00e1n en la ruta amarilla\u00a0"},"content":{"rendered":"\n<p>Ser\u00e1 este lunes con el objetivo de brindar informaci\u00f3n para los vecinos sobre la correcta separaci\u00f3n de residuos.<\/p>\n\n\n\n<hr class=\"wp-block-separator aligncenter has-alpha-channel-opacity\"\/>\n\n\n\n<p>Las <strong>promotoras ambientales<\/strong> de la <strong>Cooperativa Viento en Contra<\/strong> contin\u00faan recorriendo las<strong> rutas de recolecci\u00f3n diferenciada.<\/strong><\/p>\n\n\n\n<p><\/p>\n\n\n\n<p>A partir de este<strong> lunes 26 de mayo y durante la semana<\/strong>, las promotoras estar\u00e1n en <strong>ruta amarilla (Luj\u00e1n, Tiro Federal y Pro Casa I A IV)<\/strong> brindando informaci\u00f3n para los vecinos del sector sobre la correcta separaci\u00f3n de residuos.<\/p>\n\n\n\n<p><\/p>\n\n\n\n<blockquote class=\"wp-block-quote is-layout-flow wp-block-quote-is-layout-flow\">\n<p>Esta zona cuenta con un calendario de recolecci\u00f3n diurno, donde la recolecci\u00f3n comienza a las 06:00 horas, siendo la recolecci\u00f3n de basura tres veces por semana: martes, jueves y s\u00e1bado. En tanto, la recolecci\u00f3n de reciclables se lleva a cabo los d\u00edas mi\u00e9rcoles.<\/p>\n<\/blockquote>\n\n\n\n<p><\/p>\n\n\n\n<p>Cabe remarcar que <strong>es fundamental que cada hogar respete el calendario de recolecci\u00f3n asignado<\/strong> y que el d\u00eda destinado a reciclables, solo se saquen materiales de este tipo.<\/p>\n\n\n\n<p><\/p>\n\n\n\n<p>Estas tareas se realizan con el objetivo de seguir informando a la comunidad sobre la importancia de la <strong>separaci\u00f3n de residuos<\/strong> y de generar un espacio de intercambio con los vecinos que cuentan con recolecci\u00f3n diferenciada.<\/p>\n\n\n\n<p><\/p>\n\n\n\n<p>Para conocer los barrios incluidos en cada una de las rutas, pueden consultar los mapas disponibles en las redes sociales del programa (@giro.olavarria) o en la p\u00e1gina web del municipio (olavarria.gov.ar). Tambi\u00e9n pueden comunicarse a trav\u00e9s del correo electr\u00f3nico de la Coordinaci\u00f3n de Ambiente (gestionambiental@olavarria.gov.ar) o llamar a los tel\u00e9fonos 422135\/95.<\/p>\n","protected":false},"excerpt":{"rendered":"<p>Ser\u00e1 este lunes con el objetivo de brindar informaci\u00f3n para los vecinos sobre la correcta separaci\u00f3n de residuos. Las promotoras<\/p>\n","protected":false},"author":6,"featured_media":121277,"comment_status":"closed","ping_status":"closed","sticky":false,"template":"","format":"standard","meta":{"_jetpack_memberships_contains_paid_content":false,"footnotes":""},"categories":[5,1],"tags":[],"class_list":["post-172258","post","type-post","status-publish","format-standard","has-post-thumbnail","hentry","category-informacion-general","category-portada"],"jetpack_featured_media_url":"https:\/\/i0.wp.com\/cdnoticias.com\/wp-content\/uploads\/2024\/07\/giro-ambiente1.jpg?fit=1400%2C931&ssl=1","jetpack_sharing_enabled":true,"_links":{"self":[{"href":"https:\/\/cdnoticias.com\/index.php\/wp-json\/wp\/v2\/posts\/172258","targetHints":{"allow":["GET"]}}],"collection":[{"href":"https:\/\/cdnoticias.com\/index.php\/wp-json\/wp\/v2\/posts"}],"about":[{"href":"https:\/\/cdnoticias.com\/index.php\/wp-json\/wp\/v2\/types\/post"}],"author":[{"embeddable":true,"href":"https:\/\/cdnoticias.com\/index.php\/wp-json\/wp\/v2\/users\/6"}],"replies":[{"embeddable":true,"href":"https:\/\/cdnoticias.com\/index.php\/wp-json\/wp\/v2\/comments?post=172258"}],"version-history":[{"count":0,"href":"https:\/\/cdnoticias.com\/index.php\/wp-json\/wp\/v2\/posts\/172258\/revisions"}],"wp:featuredmedia":[{"embeddable":true,"href":"https:\/\/cdnoticias.com\/index.php\/wp-json\/wp\/v2\/media\/121277"}],"wp:attachment":[{"href":"https:\/\/cdnoticias.com\/index.php\/wp-json\/wp\/v2\/media?parent=172258"}],"wp:term":[{"taxonomy":"category","embeddable":true,"href":"https:\/\/cdnoticias.com\/index.php\/wp-json\/wp\/v2\/categories?post=172258"},{"taxonomy":"post_tag","embeddable":true,"href":"https:\/\/cdnoticias.com\/index.php\/wp-json\/wp\/v2\/tags?post=172258"}],"curies":[{"name":"wp","href":"https:\/\/api.w.org\/{rel}","templated":true}]}}