{"id":172251,"date":"2025-05-24T09:38:07","date_gmt":"2025-05-24T12:38:07","guid":{"rendered":"https:\/\/cdnoticias.com\/?p=172251"},"modified":"2025-05-24T15:54:12","modified_gmt":"2025-05-24T18:54:12","slug":"un-programa-para-asistir-a-olavarrienses-a-construir-sus-viviendas","status":"publish","type":"post","link":"https:\/\/cdnoticias.com\/index.php\/2025\/05\/24\/un-programa-para-asistir-a-olavarrienses-a-construir-sus-viviendas\/","title":{"rendered":"Un programa para asistir a olavarrienses a construir sus viviendas"},"content":{"rendered":"<p>Es la ordenanza sancionada en el HCD que habilita la entrega de materiales y asistencia t\u00e9cnica para beneficiarios de planes municipales de viviendas. Los requisitos y obligaciones. \u201cEste tipo de iniciativa es fundamental para que los vecinos puedan avanzar en el sue\u00f1o de la casa propia\u201d dijo Bel\u00e9n Abraham.<!--more--><\/p>\n<hr \/>\n<p>Se cre\u00f3 el<strong> \u201cPrograma municipal de vivienda con asistencia t\u00e9cnica y financiera\u201d<\/strong> mediante la ordenanza sancionada en la \u00faltima sesi\u00f3n del Concejo Deliberante. <strong>Regula la entrega de materiales de construcci\u00f3n para beneficiarios de programas municipales de viviendas<\/strong>, puntualmente en este momento alcanza a los adjudicatarios de los 112 lotes de FISU.<\/p>\n<p>La ordenanza fue <strong>votada por mayor\u00eda<\/strong>: los bloques <strong>Uni\u00f3n por la Patria, UCR, Por M\u00e1s Libertad, PRO-ERF y Juntos por Olavarr\u00eda<\/strong>. S\u00f3lo La Libertad Avanza se expres\u00f3 en contra a la hora de la votaci\u00f3n.<\/p>\n<blockquote>\n<p>\u201cCreemos que este tipo de iniciativa es fundamental para que los vecinos puedan avanzar en el sue\u00f1o de la casa propia y en la construcci\u00f3n de sus viviendas. Es importante que el Ejecutivo haya tomado conocimiento de la situaci\u00f3n y que se ponga a disposici\u00f3n esta herramienta para acompa\u00f1ar\u201d defini\u00f3 Bel\u00e9n Abraham (Uni\u00f3n por la Patria) al exponer en el recinto sobre la propuesta.<\/p>\n<\/blockquote>\n<p>Cabe resaltar que sobre finales del a\u00f1o pasado el <strong>intendente Maximiliano Wesner anunci\u00f3 el impulso de este programa<\/strong> que fue incluido en el Presupuesto 2025 y que a mediados de este mes <a href=\"https:\/\/cdnoticias.com\/index.php\/2025\/05\/16\/programa-de-autoconstruccion-cinco-oferentes-se-presentaron-en-la-licitacion-por-materiales-para-122-viviendas\/\" target=\"_blank\" rel=\"noopener\">se licit\u00f3 la compra de materiales, las ofertas recibidas rondaron entre 90 y 100 millones de pesos<\/a>.<\/p>\n<p>La normativa tambi\u00e9n dispuso la <strong>creaci\u00f3n del \u201cFondo para Programa municipal de vivienda con asistencia t\u00e9cnica y financiera\u201d<\/strong> que incorporar\u00e1 lo percibido por las cuotas que pagar\u00e1n los beneficiarios. El fondo ser\u00e1 utilizado para sustentar el programa.<\/p>\n<p>\u00a0<\/p>\n<p><img data-recalc-dims=\"1\" loading=\"lazy\" decoding=\"async\" class=\"alignnone size-full wp-image-126431 aligncenter\" src=\"https:\/\/i0.wp.com\/cdnoticias.com\/wp-content\/uploads\/2024\/09\/HCD-Belen-Abraham-01.jpg?resize=800%2C445&#038;ssl=1\" alt=\"\" width=\"800\" height=\"445\" srcset=\"https:\/\/i0.wp.com\/cdnoticias.com\/wp-content\/uploads\/2024\/09\/HCD-Belen-Abraham-01.jpg?w=1000&amp;ssl=1 1000w, https:\/\/i0.wp.com\/cdnoticias.com\/wp-content\/uploads\/2024\/09\/HCD-Belen-Abraham-01.jpg?resize=300%2C167&amp;ssl=1 300w, https:\/\/i0.wp.com\/cdnoticias.com\/wp-content\/uploads\/2024\/09\/HCD-Belen-Abraham-01.jpg?resize=768%2C427&amp;ssl=1 768w, https:\/\/i0.wp.com\/cdnoticias.com\/wp-content\/uploads\/2024\/09\/HCD-Belen-Abraham-01.jpg?resize=800%2C445&amp;ssl=1 800w\" sizes=\"auto, (max-width: 800px) 100vw, 800px\" \/><\/p>\n<p>\u00a0<\/p>\n<h3>En qu\u00e9 consiste<\/h3>\n<p>La<strong> ordenanza 5574<\/strong> establece la creaci\u00f3n del programa para <strong>\u201cabordar las necesidades de construcci\u00f3n que requieren los lotes con servicios de propiedad municipal\u201d<\/strong>, al tiempo que se determin\u00f3 que <strong>\u201cse priorizar\u00e1 la utilizaci\u00f3n de materiales del mercado local, como as\u00ed tambi\u00e9n la utilizaci\u00f3n de materiales reciclados\u201d<\/strong>.<\/p>\n<p>Las<strong> viviendas a construir<\/strong> mediante el programa deber\u00e1n contar m\u00ednimamente con un dormitorio, ba\u00f1o completo y cocina, adem\u00e1s de \u201cestar preparadas para una futura ampliaci\u00f3n\u201d. Tambi\u00e9n se fijaron las <strong>condiciones con que deber\u00e1n contar los lotes<\/strong>: tener los servicios b\u00e1sicos.<\/p>\n<p>En la sesi\u00f3n, la concejal Bel\u00e9n Abraham fue la encargada de exponer sobre la iniciativa impulsada por el Ejecutivo. Cont\u00f3 que el HCD tuvo la<strong> visita del director de Casa de Tierras, Juan S\u00e1nchez<\/strong>, para responder ante los ediles y que en base al trabajo en comisiones se redactaron modificaciones.<\/p>\n<p>\u201cTiene como<strong> objetivo fundamental que el Municipio pueda acompa\u00f1ar financiera y t\u00e9cnicamente a los vecinos que salieron sorteados como <a href=\"https:\/\/cdnoticias.com\/index.php\/2024\/09\/03\/entrega-de-lotes-fisu-una-de-las-cosas-que-la-politica-a-veces-nos-devuelve-como-gratificante\/\" target=\"_blank\" rel=\"noopener\">beneficiarios en julio de 2024<\/a><\/strong><a href=\"_wp_link_placeholder\"> en el marco del programa 112 lotes como servicios<\/a>, FISU, en barrio coronel Dorrego. Dada la situaci\u00f3n econ\u00f3mica que el pa\u00eds, la provincia y la localidad atraviesan, que golpea a todos los sectores por igual, a ra\u00edz de las reuniones que se ven\u00edan realizando con los vecinos y vecinas beneficiarios, <strong>surgi\u00f3 la posibilidad de acompa\u00f1arlos ya que muchos de ellos ve\u00edan con impedimento poder avanzar como les gustar\u00eda con la construcci\u00f3n de la vivienda\u201d<\/strong> explic\u00f3 la concejal de Uni\u00f3n por la Patria.<\/p>\n<blockquote>\n<p>Resalt\u00f3 que se dar\u00e1 apoyo \u201cfinanciero, que consiste en el adelanto por etapas de materiales de construcci\u00f3n\u201d. Se trata de \u201cmateriales necesarios para la construcci\u00f3n de la vivienda y luego los beneficiarios ir\u00e1n devolviendo\u201d. Las entregas ser\u00e1n escalonadas de acuerdo al avance de obra que los inspectores de Casa de Tierra tendr\u00e1n a su cargo verificar. Abraham a\u00f1adi\u00f3 que, adem\u00e1s, se ofrece \u201cacompa\u00f1amiento t\u00e9cnico, ya que tambi\u00e9n se pone a disposici\u00f3n personal de Casa de Tierras y planos\u201d.<\/p>\n<\/blockquote>\n<p><img data-recalc-dims=\"1\" loading=\"lazy\" decoding=\"async\" class=\"alignnone size-full wp-image-172165 aligncenter\" src=\"https:\/\/i0.wp.com\/cdnoticias.com\/wp-content\/uploads\/2025\/05\/HCD-sesion-22-de-mayo-01.jpg?resize=800%2C450&#038;ssl=1\" alt=\"\" width=\"800\" height=\"450\" srcset=\"https:\/\/i0.wp.com\/cdnoticias.com\/wp-content\/uploads\/2025\/05\/HCD-sesion-22-de-mayo-01.jpg?w=800&amp;ssl=1 800w, https:\/\/i0.wp.com\/cdnoticias.com\/wp-content\/uploads\/2025\/05\/HCD-sesion-22-de-mayo-01.jpg?resize=300%2C169&amp;ssl=1 300w, https:\/\/i0.wp.com\/cdnoticias.com\/wp-content\/uploads\/2025\/05\/HCD-sesion-22-de-mayo-01.jpg?resize=768%2C432&amp;ssl=1 768w\" sizes=\"auto, (max-width: 800px) 100vw, 800px\" \/><\/p>\n<p>\u00a0<\/p>\n<h3>Requisitos y pagos<\/h3>\n<p>En la normativa aprobada se enumeraron los <strong>requisitos a cumplir para ingresar al programa<\/strong>: los aspirantes deber\u00e1n estar<em> inscriptos en el Registro de Demanda Habitacional del Municipio de Olavarr\u00eda<\/em> y a<em>dheridos a alguno de los programas habitacionales<\/em> que el Municipio fomente con asistencia t\u00e9cnica y\/o financiera.<\/p>\n<p>Los beneficiarios -un titular y su grupo familiar- <strong>no tienen que tener otros inmuebles a su nombre,<\/strong> tener <strong>entre 18 y 65 a\u00f1os<\/strong>, <strong>residencia<\/strong> de al menos 3 a\u00f1os en Olavarr\u00eda y <strong>\u201cacreditar los ingresos mensuales que exija la reglamentaci\u00f3n\u201d<\/strong>. Al igual que con los programas de viviendas, tambi\u00e9n se obliga a la <strong>ocupaci\u00f3n efectiva de la casa<\/strong> por parte del beneficiario hasta su escrituraci\u00f3n, no se puede \u201cceder en uso o alquiler a terceros, o vender\u201d.<\/p>\n<p>Entre las obligaciones de los beneficiarios se incluy\u00f3 que<strong> tienen como m\u00e1ximo un a\u00f1o para utilizar los materiales entregados<\/strong> y que deben permitir a los representantes municipales inspeccionar el lote y la construcci\u00f3n.<\/p>\n<blockquote>\n<p>Se estableci\u00f3 que \u201cel valor total de la asistencia financiera se determinar\u00e1 de acuerdo al monto de los materiales de construcci\u00f3n\u201d que se otorgue, \u201cal momento de habilitar la orden de retiro\u201d. \u201cDicho valor ser\u00e1 convertido en la cantidad de Salarios M\u00ednimo Vital y M\u00f3vil (SMVM) equivalentes y se dividir\u00e1 en cuotas mensuales y consecutivas a abonar por el beneficiario\u201d se a\u00f1adi\u00f3. Se previ\u00f3 el pago en hasta 132 cuotas mensuales consecutivas con un \u201cfactor de correcci\u00f3n\u201d en base al SMVM.<\/p>\n<\/blockquote>\n<p>En concreto, los beneficiarios <strong>firmar\u00e1n un contrato<\/strong> tras lo cual obtendr\u00e1n la <strong>orden de retiro de los materiales<\/strong>. Al mes siguiente de la firma comenzar\u00e1n a <strong>devolver en cuotas<\/strong>. El incumplimiento en el pago habilita al Municipio a cobrar<strong> \u201cun recargo por mora\u201d<\/strong>. Se fijaron tambi\u00e9n <strong>posibles acciones administrativas y sanciones<\/strong>, en caso de encuadrarse.<\/p>\n<h3>Voto en contra<\/h3>\n<p>El<strong> bloque de La Libertad Avanza no vot\u00f3 por la creaci\u00f3n<\/strong> de esta ordenanza.<strong> \u201cNo vamos a aprobar, ve\u00edamos desprolijidades y dudas que no terminamos de disipar.<\/strong> La falta de existencia de un organismo de contralor, pedimos modificar el universo al que se iba a destinar los fondos, no vimos claridad en las licitaciones, tampoco est\u00e1bamos de acuerdo en la financiaci\u00f3n para el recupero de los fondos\u201d dijo Paola Odello para explicar el rechazo.<\/p>\n\n\n<p><\/p>\n","protected":false},"excerpt":{"rendered":"<p>Es la ordenanza sancionada en el HCD que habilita la entrega de materiales y asistencia t\u00e9cnica para beneficiarios de planes<\/p>\n","protected":false},"author":4,"featured_media":24220,"comment_status":"closed","ping_status":"closed","sticky":false,"template":"","format":"standard","meta":{"_jetpack_memberships_contains_paid_content":false,"footnotes":""},"categories":[4,1],"tags":[],"class_list":["post-172251","post","type-post","status-publish","format-standard","has-post-thumbnail","hentry","category-politica","category-portada"],"jetpack_featured_media_url":"https:\/\/i0.wp.com\/cdnoticias.com\/wp-content\/uploads\/2021\/06\/DIB-viviendas-sociales7-696x522.jpg?fit=696%2C522&ssl=1","jetpack_sharing_enabled":true,"_links":{"self":[{"href":"https:\/\/cdnoticias.com\/index.php\/wp-json\/wp\/v2\/posts\/172251","targetHints":{"allow":["GET"]}}],"collection":[{"href":"https:\/\/cdnoticias.com\/index.php\/wp-json\/wp\/v2\/posts"}],"about":[{"href":"https:\/\/cdnoticias.com\/index.php\/wp-json\/wp\/v2\/types\/post"}],"author":[{"embeddable":true,"href":"https:\/\/cdnoticias.com\/index.php\/wp-json\/wp\/v2\/users\/4"}],"replies":[{"embeddable":true,"href":"https:\/\/cdnoticias.com\/index.php\/wp-json\/wp\/v2\/comments?post=172251"}],"version-history":[{"count":0,"href":"https:\/\/cdnoticias.com\/index.php\/wp-json\/wp\/v2\/posts\/172251\/revisions"}],"wp:featuredmedia":[{"embeddable":true,"href":"https:\/\/cdnoticias.com\/index.php\/wp-json\/wp\/v2\/media\/24220"}],"wp:attachment":[{"href":"https:\/\/cdnoticias.com\/index.php\/wp-json\/wp\/v2\/media?parent=172251"}],"wp:term":[{"taxonomy":"category","embeddable":true,"href":"https:\/\/cdnoticias.com\/index.php\/wp-json\/wp\/v2\/categories?post=172251"},{"taxonomy":"post_tag","embeddable":true,"href":"https:\/\/cdnoticias.com\/index.php\/wp-json\/wp\/v2\/tags?post=172251"}],"curies":[{"name":"wp","href":"https:\/\/api.w.org\/{rel}","templated":true}]}}