{"id":172244,"date":"2025-05-23T17:31:55","date_gmt":"2025-05-23T20:31:55","guid":{"rendered":"https:\/\/cdnoticias.com\/?p=172244"},"modified":"2025-05-23T17:31:57","modified_gmt":"2025-05-23T20:31:57","slug":"consejo-regional-de-salud-avances-y-articulaciones-regionales","status":"publish","type":"post","link":"https:\/\/cdnoticias.com\/index.php\/2025\/05\/23\/consejo-regional-de-salud-avances-y-articulaciones-regionales\/","title":{"rendered":"Consejo Regional de Salud: avances y articulaciones regionales"},"content":{"rendered":"\n<p>Participaron municipios y hospitales de la Regi\u00f3n Sanitaria IX con distintos ejes de trabajo: efectores de salud, residencias, vacunaci\u00f3n, digitalizaci\u00f3n, medicamentos, entre otros. <\/p>\n\n\n\n<hr class=\"wp-block-separator has-alpha-channel-opacity\"\/>\n\n\n\n<p>Con la participaci\u00f3n activa de todos los municipios y hospitales de la regi\u00f3n, se llev\u00f3 a cabo una nueva instancia de trabajo del <strong>Consejo Regional de Salud (CORESA) de la Regi\u00f3n Sanitaria IX<\/strong>, enfocada en el fortalecimiento de las redes sanitarias y la coordinaci\u00f3n interinstitucional.<\/p>\n\n\n\n<p><\/p>\n\n\n\n<p>Estuvieron presentes el intendente local Marcos Pisano y la secretaria de Salud Cecilia Luna, la directora provincial de Redes, Regiones Sanitarias y Salud Comunitaria Noelia L\u00f3pez, la directora del Instituto Provincial del C\u00e1ncer Dra. Marina Pifano y el director de la Regi\u00f3n Sanitaria IX Ramiro Borzi, Secretarios de Salud de la Regi\u00f3n y directores y directoras de Hospitales.<\/p>\n\n\n\n<p><\/p>\n\n\n\n<blockquote class=\"wp-block-quote is-layout-flow wp-block-quote-is-layout-flow\">\n<p>Durante la reuni\u00f3n se abordaron tem\u00e1ticas vinculadas a los efectores de salud; especialidades y residencias m\u00e9dicas; cobertura de vacunaci\u00f3n, la herramienta digital Historia de Salud Integrada; medicamentos y equipamiento hospitalario.<\/p>\n<\/blockquote>\n\n\n\n<p><\/p>\n\n\n\n<figure class=\"wp-block-image size-full\"><img data-recalc-dims=\"1\" loading=\"lazy\" decoding=\"async\" width=\"800\" height=\"445\" src=\"https:\/\/i0.wp.com\/cdnoticias.com\/wp-content\/uploads\/2025\/05\/coresa-02.png?resize=800%2C445&#038;ssl=1\" alt=\"\" class=\"wp-image-172245\" srcset=\"https:\/\/i0.wp.com\/cdnoticias.com\/wp-content\/uploads\/2025\/05\/coresa-02.png?w=800&amp;ssl=1 800w, https:\/\/i0.wp.com\/cdnoticias.com\/wp-content\/uploads\/2025\/05\/coresa-02.png?resize=300%2C167&amp;ssl=1 300w, https:\/\/i0.wp.com\/cdnoticias.com\/wp-content\/uploads\/2025\/05\/coresa-02.png?resize=768%2C427&amp;ssl=1 768w\" sizes=\"auto, (max-width: 800px) 100vw, 800px\" \/><\/figure>\n\n\n\n<p><\/p>\n\n\n\n<p><strong>Ejes de trabajo<\/strong><\/p>\n\n\n\n<p><\/p>\n\n\n\n<p>En articulaci\u00f3n con el <strong>Instituto Provincial del C\u00e1ncer (IPC)<\/strong>, se trabaj\u00f3 junto a Marina Pifano y su equipo en la<strong> consolidaci\u00f3n de la l\u00ednea de cuidado y la red de laboratorios. <\/strong>Se acord\u00f3 optimizar cargas de datos al SITAM y desde el ministerio se ponen a disposici\u00f3n capacitaciones para tal fin.<\/p>\n\n\n\n<p><\/p>\n\n\n\n<p>Durante el encuentro, adem\u00e1s se realiz\u00f3 una presentaci\u00f3n de los <strong>avances de la red<\/strong>, haciendo especial hincapi\u00e9 en la consolidaci\u00f3n de los nodos y la articulaci\u00f3n con el SIES (Sistema Integrado de Emergencias Sanitarias).<\/p>\n\n\n\n<p><\/p>\n\n\n\n<p>Otro de los ejes abordados fue la <strong>posibilidad de implementar compras conjuntas mediante COCEBA,<\/strong> con el objetivo de optimizar recursos y mejorar la gesti\u00f3n de insumos. Se acord\u00f3 realizar una prueba inicial con los municipios que integran el consorcio, dejando abierta la posibilidad de sumar nuevas jurisdicciones. En este marco, se planific\u00f3 una reuni\u00f3n con la Direcci\u00f3n de Consorcios para analizar el estatuto y el objeto de esta iniciativa. Asimismo, <strong>el municipio de Olavarr\u00eda manifest\u00f3 su inter\u00e9s en iniciar conversaciones para adherir al sistema SAMO.<\/strong><\/p>\n\n\n\n<p><\/p>\n\n\n\n<p>Por \u00faltimo, se anunciaron nuevas habilitaciones que<strong> fortalecen la red sanitaria regional para el CAPS de Tapalqu\u00e9, el Centro de Hemodi\u00e1lisis y el Centro Oncol\u00f3gico de Bol\u00edvar. <\/strong>Ambos centros de Bol\u00edvar estar\u00e1n disponibles para integrarse a la Red y mejorar el acceso y la calidad de atenci\u00f3n de los pacientes.<\/p>\n","protected":false},"excerpt":{"rendered":"<p>Participaron municipios y hospitales de la Regi\u00f3n Sanitaria IX con distintos ejes de trabajo: efectores de salud, residencias, vacunaci\u00f3n, digitalizaci\u00f3n,<\/p>\n","protected":false},"author":5,"featured_media":172246,"comment_status":"closed","ping_status":"closed","sticky":false,"template":"","format":"standard","meta":{"_jetpack_memberships_contains_paid_content":false,"footnotes":""},"categories":[5,1],"tags":[],"class_list":["post-172244","post","type-post","status-publish","format-standard","has-post-thumbnail","hentry","category-informacion-general","category-portada"],"jetpack_featured_media_url":"https:\/\/i0.wp.com\/cdnoticias.com\/wp-content\/uploads\/2025\/05\/coresa-01.png?fit=800%2C445&ssl=1","jetpack_sharing_enabled":true,"_links":{"self":[{"href":"https:\/\/cdnoticias.com\/index.php\/wp-json\/wp\/v2\/posts\/172244","targetHints":{"allow":["GET"]}}],"collection":[{"href":"https:\/\/cdnoticias.com\/index.php\/wp-json\/wp\/v2\/posts"}],"about":[{"href":"https:\/\/cdnoticias.com\/index.php\/wp-json\/wp\/v2\/types\/post"}],"author":[{"embeddable":true,"href":"https:\/\/cdnoticias.com\/index.php\/wp-json\/wp\/v2\/users\/5"}],"replies":[{"embeddable":true,"href":"https:\/\/cdnoticias.com\/index.php\/wp-json\/wp\/v2\/comments?post=172244"}],"version-history":[{"count":0,"href":"https:\/\/cdnoticias.com\/index.php\/wp-json\/wp\/v2\/posts\/172244\/revisions"}],"wp:featuredmedia":[{"embeddable":true,"href":"https:\/\/cdnoticias.com\/index.php\/wp-json\/wp\/v2\/media\/172246"}],"wp:attachment":[{"href":"https:\/\/cdnoticias.com\/index.php\/wp-json\/wp\/v2\/media?parent=172244"}],"wp:term":[{"taxonomy":"category","embeddable":true,"href":"https:\/\/cdnoticias.com\/index.php\/wp-json\/wp\/v2\/categories?post=172244"},{"taxonomy":"post_tag","embeddable":true,"href":"https:\/\/cdnoticias.com\/index.php\/wp-json\/wp\/v2\/tags?post=172244"}],"curies":[{"name":"wp","href":"https:\/\/api.w.org\/{rel}","templated":true}]}}