{"id":172239,"date":"2025-05-23T16:32:43","date_gmt":"2025-05-23T19:32:43","guid":{"rendered":"https:\/\/cdnoticias.com\/?p=172239"},"modified":"2025-05-23T18:51:09","modified_gmt":"2025-05-23T21:51:09","slug":"cortes-en-la-circulacion-vehicular-por-el-desfile-patrio-del-25-de-mayo","status":"publish","type":"post","link":"https:\/\/cdnoticias.com\/index.php\/2025\/05\/23\/cortes-en-la-circulacion-vehicular-por-el-desfile-patrio-del-25-de-mayo\/","title":{"rendered":"Cortes en la circulaci\u00f3n vehicular por el Desfile Patrio del 25 de Mayo"},"content":{"rendered":"\n<p>Ser\u00e1 el s\u00e1bado de 8:00 a 18:00 para permitir el armado del vallado, escenario y palco sobre calle Rivadavia.<\/p>\n\n\n\n<hr class=\"wp-block-separator has-alpha-channel-opacity\"\/>\n\n\n\n<p>A ra\u00edz de la realizaci\u00f3n del Desfile Patrio, se llevar\u00e1n a cabo numerosos cortes en la circulaci\u00f3n vehicular durante el transcurso del pr\u00f3ximo fin de semana. Ser\u00e1n realizados desde la Subsecretar\u00eda de Protecci\u00f3n Ciudadana, con la colaboraci\u00f3n de la Polic\u00eda Bonaerense, para permitir el normal y seguro desarrollo de los festejos.<\/p>\n\n\n\n<p><\/p>\n\n\n\n<p>De acuerdo con lo que se detall\u00f3 desde el \u00e1rea, la interrupci\u00f3n al tr\u00e1nsito se iniciar\u00e1<strong> el s\u00e1bado a partir de las 8 horas y hasta las 18:30 para permitir el armado de vallado, escenario y palco sobre calle Rivadavia, en el tramo entre Necochea y Coronel Su\u00e1rez,<\/strong> precisamente el sector donde se llevar\u00e1 a cabo el desfile en la jornada del domingo.<\/p>\n\n\n\n<p><\/p>\n\n\n\n<p>Es por esta cuesti\u00f3n que se realizar\u00e1n <strong>cortes en las esquinas de Rivadavia y Necochea, Rivadavia y Dorrego, Rivadavia y Belgrano -corte que quedar\u00e1 permanente hasta el Comienzo del desfile- y en Rivadavia y General Paz.<\/strong><\/p>\n\n\n\n<p><\/p>\n\n\n\n<p><strong>El domingo los cortes tambi\u00e9n se iniciar\u00e1n a partir de las 8 horas y se extender\u00e1n hasta las 13:30 <\/strong>horas aproximadamente en las siguientes intersecciones:<\/p>\n\n\n\n<p><\/p>\n\n\n\n<p>-Avenida Col\u00f3n y Rivadavia<\/p>\n\n\n\n<p>-Moreno y \u00c1lvaro Barros<\/p>\n\n\n\n<p>-Moreno y Necochea<\/p>\n\n\n\n<p>-Moreno y Belgrano<\/p>\n\n\n\n<p>-Moreno y General Paz<\/p>\n\n\n\n<p>-Vicente L\u00f3pez y Coronel Suarez<\/p>\n\n\n\n<p>-Vicente L\u00f3pez y Dorrego<\/p>\n\n\n\n<p>-Vicente L\u00f3pez y Sargento Cabral<\/p>\n\n\n\n<p>-Necochea y Almirante Brown<\/p>\n\n\n\n<p>-Riobamba y Necochea (mano sentido al centro)<\/p>\n\n\n\n<p><\/p>\n\n\n\n<p>Vale mencionar que alrededor de las 13:30 horas del domingo, una vez concluidos los festejos, se realizar\u00e1n otra serie de cortes para permitir el<strong> desarme de vallado, escenario y palco, los cuales se estima que se extiendan hasta aproximadamente las 18 horas en las siguientes esquinas:<\/strong><\/p>\n\n\n\n<p><\/p>\n\n\n\n<p>-Rivadavia y Necochea<\/p>\n\n\n\n<p>-Rivadavia y Dorrego<\/p>\n\n\n\n<p>-Rivadavia y Belgrano<\/p>\n\n\n\n<p>-Rivadavia y General Paz<\/p>\n\n\n\n<p><\/p>\n\n\n\n<p>El Municipio apela a la colaboraci\u00f3n de la comunidad para poder disfrutar entre todos de una verdadera fiesta patria. En ese sentido, se invita a acercarse a disfrutar del<strong> desfile y actividades alusivas a partir de las 10:30 horas del pr\u00f3ximo domingo.<\/strong><\/p>\n\n\n\n<p><\/p>\n","protected":false},"excerpt":{"rendered":"<p>Ser\u00e1 el s\u00e1bado de 8:00 a 18:00 para permitir el armado del vallado, escenario y palco sobre calle Rivadavia. A<\/p>\n","protected":false},"author":5,"featured_media":172241,"comment_status":"closed","ping_status":"closed","sticky":false,"template":"","format":"standard","meta":{"_jetpack_memberships_contains_paid_content":false,"footnotes":""},"categories":[5,1],"tags":[],"class_list":["post-172239","post","type-post","status-publish","format-standard","has-post-thumbnail","hentry","category-informacion-general","category-portada"],"jetpack_featured_media_url":"https:\/\/i0.wp.com\/cdnoticias.com\/wp-content\/uploads\/2025\/05\/cortes-calles-25-mayo.png?fit=800%2C445&ssl=1","jetpack_sharing_enabled":true,"_links":{"self":[{"href":"https:\/\/cdnoticias.com\/index.php\/wp-json\/wp\/v2\/posts\/172239","targetHints":{"allow":["GET"]}}],"collection":[{"href":"https:\/\/cdnoticias.com\/index.php\/wp-json\/wp\/v2\/posts"}],"about":[{"href":"https:\/\/cdnoticias.com\/index.php\/wp-json\/wp\/v2\/types\/post"}],"author":[{"embeddable":true,"href":"https:\/\/cdnoticias.com\/index.php\/wp-json\/wp\/v2\/users\/5"}],"replies":[{"embeddable":true,"href":"https:\/\/cdnoticias.com\/index.php\/wp-json\/wp\/v2\/comments?post=172239"}],"version-history":[{"count":0,"href":"https:\/\/cdnoticias.com\/index.php\/wp-json\/wp\/v2\/posts\/172239\/revisions"}],"wp:featuredmedia":[{"embeddable":true,"href":"https:\/\/cdnoticias.com\/index.php\/wp-json\/wp\/v2\/media\/172241"}],"wp:attachment":[{"href":"https:\/\/cdnoticias.com\/index.php\/wp-json\/wp\/v2\/media?parent=172239"}],"wp:term":[{"taxonomy":"category","embeddable":true,"href":"https:\/\/cdnoticias.com\/index.php\/wp-json\/wp\/v2\/categories?post=172239"},{"taxonomy":"post_tag","embeddable":true,"href":"https:\/\/cdnoticias.com\/index.php\/wp-json\/wp\/v2\/tags?post=172239"}],"curies":[{"name":"wp","href":"https:\/\/api.w.org\/{rel}","templated":true}]}}