{"id":172231,"date":"2025-05-24T15:53:43","date_gmt":"2025-05-24T18:53:43","guid":{"rendered":"https:\/\/cdnoticias.com\/?p=172231"},"modified":"2025-05-24T17:49:18","modified_gmt":"2025-05-24T20:49:18","slug":"azul-vecinos-autoconvocados-reclamaran-por-la-ruta-nacional-3","status":"publish","type":"post","link":"https:\/\/cdnoticias.com\/index.php\/2025\/05\/24\/azul-vecinos-autoconvocados-reclamaran-por-la-ruta-nacional-3\/","title":{"rendered":"Azul: vecinos autoconvocados reclamar\u00e1n por la Ruta Nacional 3"},"content":{"rendered":"<p>Este domingo desde 15 en la rotonda del Cristo. El correcto mantenimiento \u201ces urgente\u201d para los ciudadanos del vecino distrito.<!--more--><\/p>\n<hr \/>\n<p><strong>Vecinos autoconvocados por el estado de la Ruta Nacional 3<\/strong> invitaron a la comunidad de Azul a una<strong> manifestaci\u00f3n este domingo a las 15<\/strong> en el Cristo del cruce con avenida Piazza, con el objetivo de<strong> visibilizar el reclamo por el mantenimiento y la construcci\u00f3n de la autov\u00eda<\/strong>.<\/p>\n<p>En un a\u00f1o electoral,<strong> la convocatoria se extiende a todos los espacios pol\u00edticos<\/strong>, al Ejecutivo municipal y sus funcionarios, y a los concejales que expresan p\u00fablicamente su preocupaci\u00f3n por los problemas que atraviesan los vecinos de esa ciudad. Tambi\u00e9n est\u00e1n invitados <em>Estrellas Amarillas, \u00e1rea de tr\u00e1nsito municipal, instituciones en general y toda la comunidad<\/em>, <strong>\u201cno solo quienes transitan habitualmente la ruta, ya que todos tenemos un familiar, un amigo o un vecino que la utiliza, ya sea por trabajo o por motivos personales\u201d<\/strong> informaron los organizadores.<\/p>\n<blockquote><p>Los vecinos sostuvieron que \u201ces urgente y necesario mostrar que nos importa la Ruta 3\u201d, y remarcaron que \u201cel tramo m\u00e1s deteriorado atraviesa justamente la jurisdicci\u00f3n del partido de Azul\u201d.<\/p><\/blockquote>\n<p>Adem\u00e1s, destacaron que <strong>\u201cla convocatoria cobra especial relevancia tras el anuncio del Gobierno Nacional sobre obras de repavimentaci\u00f3n<\/strong> en m\u00e1s de 600 kil\u00f3metros de la Ruta 3 norte, <strong>desde Ca\u00f1uelas hasta Bah\u00eda Blanca<\/strong>, a realizarse por el sector privado, sin aportes estatales\u201d.<\/p>\n<p>Seg\u00fan se inform\u00f3, la ejecuci\u00f3n de las obras comenzar\u00e1<a href=\"https:\/\/cdnoticias.com\/index.php\/2025\/05\/20\/audiencia-publica-para-licitar-obras-en-rutas-nacionales-incluye-tramos-de-226-y-3\/\" target=\"_blank\" rel=\"noopener\"> luego de una audiencia p\u00fablica<\/a> convocada para el 11 de junio en San Miguel del Monte, en el marco de la Etapa II del plan de concesiones, que incluye a las provincias de Buenos Aires, Santa Fe, C\u00f3rdoba, San Luis y La Pampa, seg\u00fan lo expres\u00f3 Jumbo Ibarra.<\/p>\n","protected":false},"excerpt":{"rendered":"<p>Este domingo desde 15 en la rotonda del Cristo. El correcto mantenimiento \u201ces urgente\u201d para los ciudadanos del vecino distrito.<\/p>\n","protected":false},"author":4,"featured_media":172232,"comment_status":"closed","ping_status":"closed","sticky":false,"template":"","format":"standard","meta":{"_jetpack_memberships_contains_paid_content":false,"footnotes":""},"categories":[6,1],"tags":[],"class_list":["post-172231","post","type-post","status-publish","format-standard","has-post-thumbnail","hentry","category-nacionales","category-portada"],"jetpack_featured_media_url":"https:\/\/i0.wp.com\/cdnoticias.com\/wp-content\/uploads\/2025\/05\/azul-ruta-3-rotonda-cristo.jpg?fit=800%2C383&ssl=1","jetpack_sharing_enabled":true,"_links":{"self":[{"href":"https:\/\/cdnoticias.com\/index.php\/wp-json\/wp\/v2\/posts\/172231","targetHints":{"allow":["GET"]}}],"collection":[{"href":"https:\/\/cdnoticias.com\/index.php\/wp-json\/wp\/v2\/posts"}],"about":[{"href":"https:\/\/cdnoticias.com\/index.php\/wp-json\/wp\/v2\/types\/post"}],"author":[{"embeddable":true,"href":"https:\/\/cdnoticias.com\/index.php\/wp-json\/wp\/v2\/users\/4"}],"replies":[{"embeddable":true,"href":"https:\/\/cdnoticias.com\/index.php\/wp-json\/wp\/v2\/comments?post=172231"}],"version-history":[{"count":0,"href":"https:\/\/cdnoticias.com\/index.php\/wp-json\/wp\/v2\/posts\/172231\/revisions"}],"wp:featuredmedia":[{"embeddable":true,"href":"https:\/\/cdnoticias.com\/index.php\/wp-json\/wp\/v2\/media\/172232"}],"wp:attachment":[{"href":"https:\/\/cdnoticias.com\/index.php\/wp-json\/wp\/v2\/media?parent=172231"}],"wp:term":[{"taxonomy":"category","embeddable":true,"href":"https:\/\/cdnoticias.com\/index.php\/wp-json\/wp\/v2\/categories?post=172231"},{"taxonomy":"post_tag","embeddable":true,"href":"https:\/\/cdnoticias.com\/index.php\/wp-json\/wp\/v2\/tags?post=172231"}],"curies":[{"name":"wp","href":"https:\/\/api.w.org\/{rel}","templated":true}]}}