{"id":172212,"date":"2025-05-22T20:10:41","date_gmt":"2025-05-22T23:10:41","guid":{"rendered":"https:\/\/cdnoticias.com\/?p=172212"},"modified":"2025-05-23T15:33:52","modified_gmt":"2025-05-23T18:33:52","slug":"lucas-torres-sobre-los-palmares-no-tenemos-ningun-lote-vendido","status":"publish","type":"post","link":"https:\/\/cdnoticias.com\/index.php\/2025\/05\/22\/lucas-torres-sobre-los-palmares-no-tenemos-ningun-lote-vendido\/","title":{"rendered":"Lucas Torres, sobre Los Palmares: \u201cno tenemos ning\u00fan lote vendido\u201d"},"content":{"rendered":"\n<p>El empresario que impuls\u00f3 el proyecto de urbanizaci\u00f3n con m\u00e1s de 900 lotes dijo que el proyecto lo aprob\u00f3 Ezequiel Galli \u201cy duerme en un escritorio\u201d. \u201cAbrieron el grupo peque\u00f1o de inversores que compraron algunas adhesiones al fideicomiso como cualquier barrio de esas caracter\u00edsticas\u201d se defendi\u00f3.<\/p>\n\n\n\n<hr class=\"wp-block-separator aligncenter has-alpha-channel-opacity\"\/>\n\n\n\n<p>El empresario<strong> Lucas Torres hizo su reaparici\u00f3n tras la quiebra de diario El Popular y se refiri\u00f3 tambi\u00e9n a otro de sus proyectos, al avance del proyecto Palmares en Olavarr\u00eda<\/strong>, al que describi\u00f3 como \u201cel loteo m\u00e1s grande de la provincia de Buenos Aires\u201d.<strong> Uno de los datos importantes es que confirm\u00f3 que <em>\u201cno tenemos ning\u00fan lote vendido\u201d.<\/em><\/strong><\/p>\n\n\n\n<p>La nota, realizada en un streaming local conducido por Beto Buzecki, fue publicada<strong> horas despu\u00e9s de una grave denuncia de al menos 200 vecinos que se\u00f1alaron que pagaron entre 5 y 15 mil d\u00f3lares por un lote que ni siquiera est\u00e1 subdividido.<\/strong> El tema, incluso, surgi\u00f3 en paralelo en el Concejo Deliberante, donde el edil Federico Aguilera realiz\u00f3 graves acusaci\u00f3n a Torres y el ex intendente Ezequiel Galli.<\/p>\n\n\n\n<figure class=\"wp-block-embed is-type-wp-embed is-provider-en-linea-noticias wp-block-embed-en-linea-noticias\"><div class=\"wp-block-embed__wrapper\">\n<blockquote class=\"wp-embedded-content\" data-secret=\"f1soMqeasP\"><a href=\"https:\/\/enlineanoticias.com.ar\/politica\/complejo-urbanistico-los-palmares-pagaron-entre-2-mil-y-15-mil-dolares-por-terrenos-a-los-que-no-pueden-acceder\/\">Complejo Urban\u00edstico Los Palmares: Pagaron entre 2 mil y 15 mil d\u00f3lares por terrenos a los que no pueden acceder<\/a><\/blockquote><iframe loading=\"lazy\" class=\"wp-embedded-content\" sandbox=\"allow-scripts\" security=\"restricted\" style=\"position: absolute; visibility: hidden;\" title=\"\u00abComplejo Urban\u00edstico Los Palmares: Pagaron entre 2 mil y 15 mil d\u00f3lares por terrenos a los que no pueden acceder\u00bb \u2014 En Linea Noticias\" src=\"https:\/\/enlineanoticias.com.ar\/politica\/complejo-urbanistico-los-palmares-pagaron-entre-2-mil-y-15-mil-dolares-por-terrenos-a-los-que-no-pueden-acceder\/embed\/#?secret=srtyB3YkZN#?secret=f1soMqeasP\" data-secret=\"f1soMqeasP\" width=\"600\" height=\"338\" frameborder=\"0\" marginwidth=\"0\" marginheight=\"0\" scrolling=\"no\"><\/iframe>\n<\/div><\/figure>\n\n\n\n<figure class=\"wp-block-embed is-type-wp-embed is-provider-central-de-noticias-olavarr-a wp-block-embed-central-de-noticias-olavarr-a\"><div class=\"wp-block-embed__wrapper\">\n<blockquote class=\"wp-embedded-content\" data-secret=\"krIxGHEKQ8\"><a href=\"https:\/\/cdnoticias.com\/index.php\/2025\/05\/22\/escandalo-por-los-lotes-de-los-palmares-hubo-replicas-en-el-hcd\/\">Esc\u00e1ndalo por los lotes de Los Palmares: hubo r\u00e9plicas en el HCD<\/a><\/blockquote><iframe loading=\"lazy\" class=\"wp-embedded-content\" sandbox=\"allow-scripts\" security=\"restricted\" style=\"position: absolute; visibility: hidden;\" title=\"&#8220;Esc\u00e1ndalo por los lotes de Los Palmares: hubo r\u00e9plicas en el HCD&#8221; &#8212; Central de Noticias | Olavarr\u00eda\" src=\"https:\/\/cdnoticias.com\/index.php\/2025\/05\/22\/escandalo-por-los-lotes-de-los-palmares-hubo-replicas-en-el-hcd\/embed\/#?secret=ZV2FKBx4GW#?secret=krIxGHEKQ8\" data-secret=\"krIxGHEKQ8\" width=\"600\" height=\"338\" frameborder=\"0\" marginwidth=\"0\" marginheight=\"0\" scrolling=\"no\"><\/iframe>\n<\/div><\/figure>\n\n\n\n<p>Torres afirm\u00f3 que <strong>el emprendimiento comprende cien hect\u00e1reas y dos mil lotes, y fue aprobado durante el gobierno de Ezequiel Galli, aunque asegur\u00f3 que el expediente<em> \u201clleva un a\u00f1o durmiendo en un escritorio\u201d.<\/em><\/strong><\/p>\n\n\n\n<p>Seg\u00fan explic\u00f3, el loteo fue adjudicado a una de las mayores desarrolladoras del pa\u00eds, y neg\u00f3 que ya se hayan comercializado terrenos: <em>\u201cNo tenemos ning\u00fan lote vendido. Cuando armamos el fideicomiso, la desarrolladora y la escribana \u2014la misma que hizo todos los fideicomisos de Nordelta\u2014, terminaron el fideicomiso y abrieron un grupo peque\u00f1o de inversores que compraron algunas adhesiones, como ocurre en cualquier barrio de esas caracter\u00edsticas para iniciar las obras\u201d.<\/em><\/p>\n\n\n\n<p>En relaci\u00f3n con el convenio con la gesti\u00f3n de Galli, Torres se\u00f1al\u00f3:<em><strong> \u201c200 lotes se los dimos al Municipio en un convenio que firm\u00f3 Ezequiel Galli tres o cuatro meses antes de terminar su gesti\u00f3n\u201d.<\/strong><\/em> Tambi\u00e9n indic\u00f3 que el proyecto incluye <em>\u201cunas seis manzanas de plazas\u201d<\/em> .<\/p>\n\n\n\n<p>Respecto a las obras de infraestructura, <strong>Torres sostuvo que la Municipalidad no acompa\u00f1\u00f3 en ese aspecto. <\/strong><em>\u201cNi esta gesti\u00f3n ni la anterior. Nosotros en el proyecto pusimos gas, agua, cloacas. Solamente va a estar conectado el gas, y la luz, l\u00f3gicamente. Todo lo hacemos nosotros en forma particular\u201d<\/em>, detall\u00f3.<\/p>\n\n\n\n<p>Adem\u00e1s, asegur\u00f3 que <strong>el fideicomiso cuenta con una inversi\u00f3n directa de 6 mil millones de pesos ya comprometidos por inversores extranjeros, y que se estima una inversi\u00f3n indirecta de casi 120 mil millones de pesos por parte de los futuros compradores y constructores de viviendas.<\/strong><\/p>\n\n\n\n<p>Finalmente, Torres apunt\u00f3 contra la situaci\u00f3n del acceso a la tierra en el distrito: <em>\u201cOlavarr\u00eda tiene un problema grave: no hay acceso a lotes baratos. Nosotros vamos a ser el \u00fanico barrio que venda un lote a 15 mil d\u00f3lares en 74 cuotas, todo financiado por bancos\u201d <\/em>dando a entender que insistir\u00e1 con el proyecto que, al pasar, no se ve ning\u00fan avance.<\/p>\n","protected":false},"excerpt":{"rendered":"<p>El empresario que impuls\u00f3 el proyecto de urbanizaci\u00f3n con m\u00e1s de 900 lotes dijo que el proyecto lo aprob\u00f3 Ezequiel<\/p>\n","protected":false},"author":2,"featured_media":74457,"comment_status":"closed","ping_status":"closed","sticky":false,"template":"","format":"standard","meta":{"_jetpack_memberships_contains_paid_content":false,"footnotes":""},"categories":[4,1],"tags":[],"class_list":["post-172212","post","type-post","status-publish","format-standard","has-post-thumbnail","hentry","category-politica","category-portada"],"jetpack_featured_media_url":"https:\/\/i0.wp.com\/cdnoticias.com\/wp-content\/uploads\/2023\/01\/torres-ep2-scaled.jpg?fit=2560%2C1424&ssl=1","jetpack_sharing_enabled":true,"_links":{"self":[{"href":"https:\/\/cdnoticias.com\/index.php\/wp-json\/wp\/v2\/posts\/172212","targetHints":{"allow":["GET"]}}],"collection":[{"href":"https:\/\/cdnoticias.com\/index.php\/wp-json\/wp\/v2\/posts"}],"about":[{"href":"https:\/\/cdnoticias.com\/index.php\/wp-json\/wp\/v2\/types\/post"}],"author":[{"embeddable":true,"href":"https:\/\/cdnoticias.com\/index.php\/wp-json\/wp\/v2\/users\/2"}],"replies":[{"embeddable":true,"href":"https:\/\/cdnoticias.com\/index.php\/wp-json\/wp\/v2\/comments?post=172212"}],"version-history":[{"count":0,"href":"https:\/\/cdnoticias.com\/index.php\/wp-json\/wp\/v2\/posts\/172212\/revisions"}],"wp:featuredmedia":[{"embeddable":true,"href":"https:\/\/cdnoticias.com\/index.php\/wp-json\/wp\/v2\/media\/74457"}],"wp:attachment":[{"href":"https:\/\/cdnoticias.com\/index.php\/wp-json\/wp\/v2\/media?parent=172212"}],"wp:term":[{"taxonomy":"category","embeddable":true,"href":"https:\/\/cdnoticias.com\/index.php\/wp-json\/wp\/v2\/categories?post=172212"},{"taxonomy":"post_tag","embeddable":true,"href":"https:\/\/cdnoticias.com\/index.php\/wp-json\/wp\/v2\/tags?post=172212"}],"curies":[{"name":"wp","href":"https:\/\/api.w.org\/{rel}","templated":true}]}}