{"id":172195,"date":"2025-05-23T09:34:46","date_gmt":"2025-05-23T12:34:46","guid":{"rendered":"https:\/\/cdnoticias.com\/?p=172195"},"modified":"2025-05-23T11:36:28","modified_gmt":"2025-05-23T14:36:28","slug":"ya-funciona-la-nueva-luminaria-led-en-autopista-fortabat","status":"publish","type":"post","link":"https:\/\/cdnoticias.com\/index.php\/2025\/05\/23\/ya-funciona-la-nueva-luminaria-led-en-autopista-fortabat\/","title":{"rendered":"Ya funciona la nueva luminaria LED en Autopista Fortabat"},"content":{"rendered":"<p>El intendente Wesner recorri\u00f3 la obra: \u201ccontribuye y mejora la seguridad de todos los vecinos y tambi\u00e9n garantiza mejor transitabilidad\u201d dijo. El Municipio proyecta el recambio de 860 luminarias.<!--more--><\/p>\n<hr \/>\n<p>La <strong>Autopista Luciano Fortabat<\/strong> luce la <strong>nueva luminaria LED<\/strong>. El cambio de iluminaci\u00f3n <strong>ya est\u00e1 en funcionamiento<\/strong> y el <strong>intendente Maximiliano Wesner<\/strong> recorri\u00f3 el sector.<\/p>\n<blockquote><p>\u201cEs una obra muy importante que contribuye y mejora la seguridad de todos los vecinos y tambi\u00e9n garantiza mejor transitabilidad por la gran confluencia de veh\u00edculos que tienen todos los d\u00edas, es algo muy importante para los vecinos de Olavarr\u00eda\u201d expres\u00f3 el Intendente.<\/p><\/blockquote>\n<p>El Municipio inform\u00f3 que <strong>la obra es una respuesta concreta al pedido realizado no s\u00f3lo por los habitantes<\/strong> de ese punto de la ciudad, sino tambi\u00e9n de <strong>toda la comunidad<\/strong>, ya que se trata de unos de los <strong>principales accesos al casco urbano<\/strong> de la ciudad de Olavarr\u00eda.<\/p>\n<p><img data-recalc-dims=\"1\" loading=\"lazy\" decoding=\"async\" class=\"alignnone size-full wp-image-172220 aligncenter\" src=\"https:\/\/i0.wp.com\/cdnoticias.com\/wp-content\/uploads\/2025\/05\/autopista-fortabat-01.jpg?resize=800%2C444&#038;ssl=1\" alt=\"\" width=\"800\" height=\"444\" srcset=\"https:\/\/i0.wp.com\/cdnoticias.com\/wp-content\/uploads\/2025\/05\/autopista-fortabat-01.jpg?w=800&amp;ssl=1 800w, https:\/\/i0.wp.com\/cdnoticias.com\/wp-content\/uploads\/2025\/05\/autopista-fortabat-01.jpg?resize=300%2C167&amp;ssl=1 300w, https:\/\/i0.wp.com\/cdnoticias.com\/wp-content\/uploads\/2025\/05\/autopista-fortabat-01.jpg?resize=768%2C426&amp;ssl=1 768w\" sizes=\"auto, (max-width: 800px) 100vw, 800px\" \/><\/p>\n<p><strong>El Municipio colocar\u00e1 en total 860 luminaria LED<\/strong> en distintos puntos de la ciudad y Partido de Olavarr\u00eda, con una<strong> inversi\u00f3n de m\u00e1s de 400 millones de pesos<\/strong>. En la planta urbana de Olavarr\u00eda alcanzar\u00e1 a los <em>barrios Isaura, Bel\u00e9n, Perito Moreno, Matadero, Eucaliptus, Paulownia y Carlos Pellegrini<\/em>.<\/p>\n<blockquote><p>\u201cLas tareas se iniciaron con los trabajos de recambio de la antigua iluminaci\u00f3n y su reemplazo por luminarias nuevas LED, de 100 watts, que adem\u00e1s de contribuir a la eficiencia energ\u00e9tica y a reducir los costos, con un ahorro inmediato, implica un cambio notable en sistema de alumbrado p\u00fablico y brinda principalmente mejores condiciones de seguridad\u201d inform\u00f3 el Municipio.<\/p><\/blockquote>\n<blockquote class=\"wp-embedded-content\" data-secret=\"a5ixdU9NXF\"><p><a href=\"https:\/\/cdnoticias.com\/index.php\/2025\/05\/14\/esta-en-funcionamiento-la-nueva-luminaria-led-en-la-avenida-emiliozzi\/\">Est\u00e1 en funcionamiento la nueva luminaria LED en la avenida Emiliozzi<\/a><\/p><\/blockquote>\n<p><iframe loading=\"lazy\" class=\"wp-embedded-content\" sandbox=\"allow-scripts\" security=\"restricted\" style=\"position: absolute; visibility: hidden;\" title=\"&#8220;Est\u00e1 en funcionamiento la nueva luminaria LED en la avenida Emiliozzi&#8221; &#8212; Central de Noticias | Olavarr\u00eda\" src=\"https:\/\/cdnoticias.com\/index.php\/2025\/05\/14\/esta-en-funcionamiento-la-nueva-luminaria-led-en-la-avenida-emiliozzi\/embed\/#?secret=cVc2zG4c5U#?secret=a5ixdU9NXF\" data-secret=\"a5ixdU9NXF\" width=\"600\" height=\"338\" frameborder=\"0\" marginwidth=\"0\" marginheight=\"0\" scrolling=\"no\"><\/iframe><\/p>\n<p>Durante la recorrida por Autopista Fortabat, el intendente Wesner agreg\u00f3 que \u201cvamos a continuar con ese recambio e ir por distintos barrios y localidades, <strong>un recambio que va a favorecer la seguridad de vecinos y vecinas\u201d.<\/strong><\/p>\n<p>En ese sentido, cabe mencionar que a principios de mes el jefe comunal <a href=\"https:\/\/cdnoticias.com\/index.php\/2025\/05\/08\/loma-negra-tiene-un-jardin-maternal-municipal-es-de-las-obras-que-emocionan\/\" target=\"_blank\" rel=\"noopener\">inform\u00f3 en Loma Negra que en la localidad<\/a> tambi\u00e9n se har\u00eda este trabajo. Asimismo, a mediados de mayo se puso en funcionamiento la nueva iluminaci\u00f3n LED <a href=\"https:\/\/cdnoticias.com\/index.php\/2025\/05\/14\/esta-en-funcionamiento-la-nueva-luminaria-led-en-la-avenida-emiliozzi\/\" target=\"_blank\" rel=\"noopener\">sobre la avenida Emiliozzi<\/a> de ruta 226 a calle 154. En febrero los trabajos se hab\u00edan concretado <a href=\"https:\/\/cdnoticias.com\/index.php\/2025\/02\/22\/colocaron-luminaria-led-en-la-plaza-del-barrio-bancario-iii\/\" target=\"_blank\" rel=\"noopener\">en la plaza del barrio Bancario III<\/a>.<\/p>\n","protected":false},"excerpt":{"rendered":"<p>El intendente Wesner recorri\u00f3 la obra: \u201ccontribuye y mejora la seguridad de todos los vecinos y tambi\u00e9n garantiza mejor transitabilidad\u201d<\/p>\n","protected":false},"author":6,"featured_media":172219,"comment_status":"closed","ping_status":"closed","sticky":false,"template":"","format":"standard","meta":{"_jetpack_memberships_contains_paid_content":false,"footnotes":""},"categories":[5,1],"tags":[],"class_list":["post-172195","post","type-post","status-publish","format-standard","has-post-thumbnail","hentry","category-informacion-general","category-portada"],"jetpack_featured_media_url":"https:\/\/i0.wp.com\/cdnoticias.com\/wp-content\/uploads\/2025\/05\/autopista-fortabat-00.jpg?fit=800%2C445&ssl=1","jetpack_sharing_enabled":true,"_links":{"self":[{"href":"https:\/\/cdnoticias.com\/index.php\/wp-json\/wp\/v2\/posts\/172195","targetHints":{"allow":["GET"]}}],"collection":[{"href":"https:\/\/cdnoticias.com\/index.php\/wp-json\/wp\/v2\/posts"}],"about":[{"href":"https:\/\/cdnoticias.com\/index.php\/wp-json\/wp\/v2\/types\/post"}],"author":[{"embeddable":true,"href":"https:\/\/cdnoticias.com\/index.php\/wp-json\/wp\/v2\/users\/6"}],"replies":[{"embeddable":true,"href":"https:\/\/cdnoticias.com\/index.php\/wp-json\/wp\/v2\/comments?post=172195"}],"version-history":[{"count":0,"href":"https:\/\/cdnoticias.com\/index.php\/wp-json\/wp\/v2\/posts\/172195\/revisions"}],"wp:featuredmedia":[{"embeddable":true,"href":"https:\/\/cdnoticias.com\/index.php\/wp-json\/wp\/v2\/media\/172219"}],"wp:attachment":[{"href":"https:\/\/cdnoticias.com\/index.php\/wp-json\/wp\/v2\/media?parent=172195"}],"wp:term":[{"taxonomy":"category","embeddable":true,"href":"https:\/\/cdnoticias.com\/index.php\/wp-json\/wp\/v2\/categories?post=172195"},{"taxonomy":"post_tag","embeddable":true,"href":"https:\/\/cdnoticias.com\/index.php\/wp-json\/wp\/v2\/tags?post=172195"}],"curies":[{"name":"wp","href":"https:\/\/api.w.org\/{rel}","templated":true}]}}