{"id":172185,"date":"2025-05-23T08:14:43","date_gmt":"2025-05-23T11:14:43","guid":{"rendered":"https:\/\/cdnoticias.com\/?p=172185"},"modified":"2025-05-23T11:18:46","modified_gmt":"2025-05-23T14:18:46","slug":"karina-ostertag-ya-no-es-mas-la-directora-del-teatro-municipal","status":"publish","type":"post","link":"https:\/\/cdnoticias.com\/index.php\/2025\/05\/23\/karina-ostertag-ya-no-es-mas-la-directora-del-teatro-municipal\/","title":{"rendered":"Karina Ostertag ya no es m\u00e1s la Directora del Teatro Municipal"},"content":{"rendered":"\n<p>Desde el Municipio no se dio a conocer la justificaci\u00f3n del despido aunque, seg\u00fan trascendidos, habr\u00eda una \u201cfalta de reconocimiento\u201d hacia Ostertag.<\/p>\n\n\n\n<hr class=\"wp-block-separator aligncenter has-alpha-channel-opacity\"\/>\n\n\n\n<p>Esta semana se dio a conocer que <strong>Karina Ostertag ya no es m\u00e1s la Directora del Teatro Municipal, tras 20 a\u00f1os de trabajo en el espacio.<\/strong><\/p>\n\n\n\n<p><\/p>\n\n\n\n<p>La novedad se conoci\u00f3 tras la publicaci\u00f3n del <strong>Bolet\u00edn Oficial de febrero, donde se da cuenta de esta salida.<\/strong> Seg\u00fan se logr\u00f3 saber seguir\u00eda vinculada al Teatro <em><strong>\u201cdesde otro lugar\u201d.<\/strong><\/em><\/p>\n\n\n\n<p><\/p>\n\n\n\n<p>Se pudo saber que <strong>habr\u00eda una \u201cfalta de reconocimiento\u201d hacia la ahora ex Directora y que las relaciones con la gesti\u00f3n actual no se encuentran en los mejores t\u00e9rminos<\/strong>, m\u00e1s all\u00e1 de que tiene una coordinaci\u00f3n en el esquema de gesti\u00f3n.<\/p>\n\n\n\n<p><\/p>\n\n\n\n<p>Asimismo,<strong> desde el Municipio a\u00fan no se inform\u00f3 qui\u00e9n es \u00e9l o la nueva directora del Teatro Municipal.<\/strong><\/p>\n\n\n\n<p><\/p>\n","protected":false},"excerpt":{"rendered":"<p>Desde el Municipio no se dio a conocer la justificaci\u00f3n del despido aunque, seg\u00fan trascendidos, habr\u00eda una \u201cfalta de reconocimiento\u201d<\/p>\n","protected":false},"author":2,"featured_media":88942,"comment_status":"closed","ping_status":"closed","sticky":false,"template":"","format":"standard","meta":{"_jetpack_memberships_contains_paid_content":false,"footnotes":""},"categories":[5,1],"tags":[],"class_list":["post-172185","post","type-post","status-publish","format-standard","has-post-thumbnail","hentry","category-informacion-general","category-portada"],"jetpack_featured_media_url":"https:\/\/i0.wp.com\/cdnoticias.com\/wp-content\/uploads\/2023\/06\/karina-ostertag1.jpg?fit=1106%2C615&ssl=1","jetpack_sharing_enabled":true,"_links":{"self":[{"href":"https:\/\/cdnoticias.com\/index.php\/wp-json\/wp\/v2\/posts\/172185","targetHints":{"allow":["GET"]}}],"collection":[{"href":"https:\/\/cdnoticias.com\/index.php\/wp-json\/wp\/v2\/posts"}],"about":[{"href":"https:\/\/cdnoticias.com\/index.php\/wp-json\/wp\/v2\/types\/post"}],"author":[{"embeddable":true,"href":"https:\/\/cdnoticias.com\/index.php\/wp-json\/wp\/v2\/users\/2"}],"replies":[{"embeddable":true,"href":"https:\/\/cdnoticias.com\/index.php\/wp-json\/wp\/v2\/comments?post=172185"}],"version-history":[{"count":0,"href":"https:\/\/cdnoticias.com\/index.php\/wp-json\/wp\/v2\/posts\/172185\/revisions"}],"wp:featuredmedia":[{"embeddable":true,"href":"https:\/\/cdnoticias.com\/index.php\/wp-json\/wp\/v2\/media\/88942"}],"wp:attachment":[{"href":"https:\/\/cdnoticias.com\/index.php\/wp-json\/wp\/v2\/media?parent=172185"}],"wp:term":[{"taxonomy":"category","embeddable":true,"href":"https:\/\/cdnoticias.com\/index.php\/wp-json\/wp\/v2\/categories?post=172185"},{"taxonomy":"post_tag","embeddable":true,"href":"https:\/\/cdnoticias.com\/index.php\/wp-json\/wp\/v2\/tags?post=172185"}],"curies":[{"name":"wp","href":"https:\/\/api.w.org\/{rel}","templated":true}]}}