{"id":172177,"date":"2025-05-22T17:31:37","date_gmt":"2025-05-22T20:31:37","guid":{"rendered":"https:\/\/cdnoticias.com\/?p=172177"},"modified":"2025-05-22T19:52:59","modified_gmt":"2025-05-22T22:52:59","slug":"choque-entre-un-auto-y-una-camioneta-un-hombre-trasladado-al-hospital","status":"publish","type":"post","link":"https:\/\/cdnoticias.com\/index.php\/2025\/05\/22\/choque-entre-un-auto-y-una-camioneta-un-hombre-trasladado-al-hospital\/","title":{"rendered":"Choque entre un auto y una camioneta: un hombre trasladado al Hospital\u00a0"},"content":{"rendered":"\n<p>El hecho se dio este jueves en Cerrito y Necochea. Se registraron da\u00f1os materiales.<\/p>\n\n\n\n<hr class=\"wp-block-separator aligncenter has-alpha-channel-opacity\"\/>\n\n\n\n<p>En la tarde de este jueves <strong>se produjo un choque entre un autom\u00f3vil Fiat Palio y una camioneta Fiat Fiorino.\u00a0<\/strong><\/p>\n\n\n\n<p><\/p>\n\n\n\n<p>Si bien las causas del hecho a\u00fan no se identificaron, <strong>la camioneta termin\u00f3 arriba de la vereda <\/strong>y casi <strong>se meti\u00f3 en la forrajer\u00eda que se encontraba en la esquina.<\/strong>\u00a0<\/p>\n\n\n\n<p><\/p>\n\n\n\n<figure class=\"wp-block-image aligncenter size-full\"><img data-recalc-dims=\"1\" loading=\"lazy\" decoding=\"async\" width=\"800\" height=\"450\" src=\"https:\/\/i0.wp.com\/cdnoticias.com\/wp-content\/uploads\/2025\/05\/Diseno-sin-titulo-1.jpg?resize=800%2C450&#038;ssl=1\" alt=\"\" class=\"wp-image-172179\" srcset=\"https:\/\/i0.wp.com\/cdnoticias.com\/wp-content\/uploads\/2025\/05\/Diseno-sin-titulo-1.jpg?w=900&amp;ssl=1 900w, https:\/\/i0.wp.com\/cdnoticias.com\/wp-content\/uploads\/2025\/05\/Diseno-sin-titulo-1.jpg?resize=300%2C169&amp;ssl=1 300w, https:\/\/i0.wp.com\/cdnoticias.com\/wp-content\/uploads\/2025\/05\/Diseno-sin-titulo-1.jpg?resize=768%2C432&amp;ssl=1 768w\" sizes=\"auto, (max-width: 800px) 100vw, 800px\" \/><\/figure>\n\n\n\n<p><\/p>\n\n\n\n<blockquote class=\"wp-block-quote is-layout-flow wp-block-quote-is-layout-flow\">\n<p>Se indic\u00f3 que un hombre fue trasladado al Hospital Municipal con heridas leves en una ambulancia del SAME luego de una descompensaci\u00f3n. Asimismo, se registraron da\u00f1os materiales.\u00a0<\/p>\n<\/blockquote>\n\n\n\n<p><\/p>\n\n\n\n<p>Por \u00faltimo se hizo presente <strong>personal policial<\/strong> para ordenar el tr\u00e1nsito y <strong>Bomberos Voluntarios<\/strong> por prevenci\u00f3n ante la p\u00e9rdida de combustible de los veh\u00edculos.<\/p>\n\n\n\n<p><\/p>\n","protected":false},"excerpt":{"rendered":"<p>El hecho se dio este jueves en Cerrito y Necochea. Se registraron da\u00f1os materiales. En la tarde de este jueves<\/p>\n","protected":false},"author":6,"featured_media":172180,"comment_status":"closed","ping_status":"closed","sticky":false,"template":"","format":"standard","meta":{"_jetpack_memberships_contains_paid_content":false,"footnotes":""},"categories":[14,1],"tags":[],"class_list":["post-172177","post","type-post","status-publish","format-standard","has-post-thumbnail","hentry","category-policiales","category-portada"],"jetpack_featured_media_url":"https:\/\/i0.wp.com\/cdnoticias.com\/wp-content\/uploads\/2025\/05\/Diseno-sin-titulo-1-1.jpg?fit=900%2C506&ssl=1","jetpack_sharing_enabled":true,"_links":{"self":[{"href":"https:\/\/cdnoticias.com\/index.php\/wp-json\/wp\/v2\/posts\/172177","targetHints":{"allow":["GET"]}}],"collection":[{"href":"https:\/\/cdnoticias.com\/index.php\/wp-json\/wp\/v2\/posts"}],"about":[{"href":"https:\/\/cdnoticias.com\/index.php\/wp-json\/wp\/v2\/types\/post"}],"author":[{"embeddable":true,"href":"https:\/\/cdnoticias.com\/index.php\/wp-json\/wp\/v2\/users\/6"}],"replies":[{"embeddable":true,"href":"https:\/\/cdnoticias.com\/index.php\/wp-json\/wp\/v2\/comments?post=172177"}],"version-history":[{"count":0,"href":"https:\/\/cdnoticias.com\/index.php\/wp-json\/wp\/v2\/posts\/172177\/revisions"}],"wp:featuredmedia":[{"embeddable":true,"href":"https:\/\/cdnoticias.com\/index.php\/wp-json\/wp\/v2\/media\/172180"}],"wp:attachment":[{"href":"https:\/\/cdnoticias.com\/index.php\/wp-json\/wp\/v2\/media?parent=172177"}],"wp:term":[{"taxonomy":"category","embeddable":true,"href":"https:\/\/cdnoticias.com\/index.php\/wp-json\/wp\/v2\/categories?post=172177"},{"taxonomy":"post_tag","embeddable":true,"href":"https:\/\/cdnoticias.com\/index.php\/wp-json\/wp\/v2\/tags?post=172177"}],"curies":[{"name":"wp","href":"https:\/\/api.w.org\/{rel}","templated":true}]}}