{"id":172130,"date":"2025-05-21T20:20:38","date_gmt":"2025-05-21T23:20:38","guid":{"rendered":"https:\/\/cdnoticias.com\/?p=172130"},"modified":"2025-05-21T20:20:40","modified_gmt":"2025-05-21T23:20:40","slug":"aprueban-el-plan-de-emergencia-del-aeropuerto-municipal-de-olavarria","status":"publish","type":"post","link":"https:\/\/cdnoticias.com\/index.php\/2025\/05\/21\/aprueban-el-plan-de-emergencia-del-aeropuerto-municipal-de-olavarria\/","title":{"rendered":"Aprueban el Plan de Emergencia del Aeropuerto Municipal de Olavarr\u00eda"},"content":{"rendered":"\n<p>La autorizaci\u00f3n fue otorgada por la Administraci\u00f3n Nacional de Aviaci\u00f3n Civil. El documento fue elaborado con colaboraci\u00f3n de Defensa Civil, Bomberos y Polic\u00eda.<\/p>\n\n\n\n<hr class=\"wp-block-separator aligncenter has-alpha-channel-opacity\"\/>\n\n\n\n<p>Este mi\u00e9rcoles, <strong>el Municipio recibi\u00f3 la notificaci\u00f3n de aprobaci\u00f3n del Plan de Emergencia del Aeropuerto Municipal<\/strong>, emitida por la Direcci\u00f3n de Fiscalizaci\u00f3n de Servicios Aeroportuarios de la Direcci\u00f3n General de Infraestructura y Servicios Aeroportuarios de la Administraci\u00f3n Nacional de Aviaci\u00f3n Civil (ANAC).<\/p>\n\n\n\n<p>La elaboraci\u00f3n del plan estuvo a cargo de la Jefatura del Aer\u00f3dromo, dependiente de la Secretar\u00eda de Desarrollo Econ\u00f3mico y Productivo del Municipio. Participaron tambi\u00e9n Defensa Civil, Bomberos Voluntarios y fuerzas policiales. <strong>El resultado fue un manual que permite establecer procedimientos ante distintos tipos de contingencias, y que ha sido considerado como modelo en la provincia de Buenos Aires.<\/strong><\/p>\n\n\n\n<p>Desde la gesti\u00f3n local destacaron que <strong>el Aeropuerto Municipal se encuentra totalmente operativo, a partir de trabajos de mantenimiento y reacondicionamiento impulsados por decisi\u00f3n del intendente Maximiliano Wesner.<\/strong><\/p>\n\n\n\n<p>Actualmente, <strong>el aeropuerto opera como punto de expendio de combustible y recibe aeronaves provenientes de distintos puntos del pa\u00eds. All\u00ed se realizan tambi\u00e9n vuelos empresariales, charters tur\u00edsticos, operaciones de l\u00edneas a\u00e9reas y, principalmente, vuelos sanitarios de CUCAIBA.<\/strong><\/p>\n","protected":false},"excerpt":{"rendered":"<p>La autorizaci\u00f3n fue otorgada por la Administraci\u00f3n Nacional de Aviaci\u00f3n Civil. El documento fue elaborado con colaboraci\u00f3n de Defensa Civil,<\/p>\n","protected":false},"author":2,"featured_media":172131,"comment_status":"closed","ping_status":"closed","sticky":false,"template":"","format":"standard","meta":{"_jetpack_memberships_contains_paid_content":false,"footnotes":""},"categories":[5,1],"tags":[],"class_list":["post-172130","post","type-post","status-publish","format-standard","has-post-thumbnail","hentry","category-informacion-general","category-portada"],"jetpack_featured_media_url":"https:\/\/i0.wp.com\/cdnoticias.com\/wp-content\/uploads\/2025\/05\/Aeropuerto-Olavarria-e1747869617429.jpeg?fit=1080%2C553&ssl=1","jetpack_sharing_enabled":true,"_links":{"self":[{"href":"https:\/\/cdnoticias.com\/index.php\/wp-json\/wp\/v2\/posts\/172130","targetHints":{"allow":["GET"]}}],"collection":[{"href":"https:\/\/cdnoticias.com\/index.php\/wp-json\/wp\/v2\/posts"}],"about":[{"href":"https:\/\/cdnoticias.com\/index.php\/wp-json\/wp\/v2\/types\/post"}],"author":[{"embeddable":true,"href":"https:\/\/cdnoticias.com\/index.php\/wp-json\/wp\/v2\/users\/2"}],"replies":[{"embeddable":true,"href":"https:\/\/cdnoticias.com\/index.php\/wp-json\/wp\/v2\/comments?post=172130"}],"version-history":[{"count":0,"href":"https:\/\/cdnoticias.com\/index.php\/wp-json\/wp\/v2\/posts\/172130\/revisions"}],"wp:featuredmedia":[{"embeddable":true,"href":"https:\/\/cdnoticias.com\/index.php\/wp-json\/wp\/v2\/media\/172131"}],"wp:attachment":[{"href":"https:\/\/cdnoticias.com\/index.php\/wp-json\/wp\/v2\/media?parent=172130"}],"wp:term":[{"taxonomy":"category","embeddable":true,"href":"https:\/\/cdnoticias.com\/index.php\/wp-json\/wp\/v2\/categories?post=172130"},{"taxonomy":"post_tag","embeddable":true,"href":"https:\/\/cdnoticias.com\/index.php\/wp-json\/wp\/v2\/tags?post=172130"}],"curies":[{"name":"wp","href":"https:\/\/api.w.org\/{rel}","templated":true}]}}