{"id":172116,"date":"2025-05-21T18:26:14","date_gmt":"2025-05-21T21:26:14","guid":{"rendered":"https:\/\/cdnoticias.com\/?p=172116"},"modified":"2025-05-22T08:11:09","modified_gmt":"2025-05-22T11:11:09","slug":"este-jueves-se-tratara-la-rendicion-de-cuentas-2024-en-el-concejo-deliberante","status":"publish","type":"post","link":"https:\/\/cdnoticias.com\/index.php\/2025\/05\/21\/este-jueves-se-tratara-la-rendicion-de-cuentas-2024-en-el-concejo-deliberante\/","title":{"rendered":"Este jueves se tratar\u00e1 la Rendici\u00f3n de Cuentas 2024 en el Concejo Deliberante"},"content":{"rendered":"\n<p>Ser\u00e1 junto a la sexta sesi\u00f3n ordinaria del cuerpo deliberativo. Sebasti\u00e1n Matrella se encuentra de licencia y asumir\u00e1 en su lugar Bel\u00e9n Vergel. Adem\u00e1s, se tratar\u00e1n 22 proyectos.<\/p>\n\n\n\n<hr class=\"wp-block-separator aligncenter has-alpha-channel-opacity\"\/>\n\n\n\n<p>Tras semanas de debate desde su ingreso, <strong>el Concejo Deliberante tratar\u00e1 la Rendici\u00f3n de Cuentas 2024, a 8 d\u00edas del l\u00edmite de su fecha de presentaci\u00f3n. Es la primera de la gesti\u00f3n Wesner<\/strong>, ya que el a\u00f1o pasado se trat\u00f3 la \u00faltima de la gesti\u00f3n Galli que tuvo tan s\u00f3lo 20 d\u00edas de la nueva gesti\u00f3n del intendente peronista.<\/p>\n\n\n\n<p>Ser\u00e1 desde las 09:30 en el lejano recinto del cuerpo, ubicado en el Centro de Convenciones Municipal. <strong>Como principal novedad, estar\u00e1 Bel\u00e9n Vergel en lugar de Sebasti\u00e1n Matrella que se encuentra de licencia.<\/strong><\/p>\n\n\n\n<p>La particularidad es que se dar\u00e1, desde su implementaci\u00f3n, <strong>el primer cambio de g\u00e9nero en las listas desde su implementaci\u00f3n en 2019: la raz\u00f3n, seg\u00fan expresaron a Central de Noticias, es que <em>\u201clos hombres que siguen en la lista a Matrella presentaron nota se\u00f1alando que por distintas razones no pueden asumir la banca\u201d<\/em> por lo que corresponde que lo haga una mujer, en este caso Vergel. Fue un acuerdo, seg\u00fan se precis\u00f3, de Labor Parlamentaria.<\/strong><\/p>\n\n\n\n<p>Cabe recordar que <strong>el Municipio inform\u00f3, al momento de presentar la Rendici\u00f3n, que tuvo un resultado presupuestario superavitario de $ 1.428.172.526,14 (pesos mil cuatrocientos veintiocho millones ciento setenta y dos mil quinientos veintis\u00e9is con catorce centavos),<\/strong> conforme el Art. 43 del Dto. 2980\/00 (RAFAM).<\/p>\n\n\n\n<p>Asimismo, y como lo dispone el Art. 44 del Dto. 2980\/00 se detalla el Resultado Ejecutado por el per\u00edodo anual 2024 que <em><strong>\u201cb\u00e1sicamente surge de incorporar las disponibilidades del ejercicio anterior y el endeudamiento del ejercicio arrib\u00e1ndose a un Resultado Ejecutado negativo de $ 562.829.078,78\u201d.<\/strong><\/em><\/p>\n\n\n\n<p>De hecho, en el comunicado emitido por la comuna, y teniendo en cuenta el informe de la Rendici\u00f3n de Cuentas 2023, \u201c<em>el d\u00e9ficit anteriormente expuesto ascend\u00eda a un Resultado Ejecutado negativo de $ 2.092.399.478,72, el cual no contemplaba una cantidad significativa de redeterminaciones de obras y contratos del ejercicio 2023, donde el atraso administrativo hab\u00eda sido excesivamente notorio y elevado al momento del traspaso de gesti\u00f3n, y que se devengaron, regularizaron y pagaron en el ejercicio 2024\u201d.<\/em><\/p>\n\n\n\n<p>Tras la sesi\u00f3n especial,<strong> se realizar\u00e1 la sexta sesi\u00f3n ordinaria con 22 proyectos en tratamiento: la mayor\u00eda son donaciones de tierras que deben ser aprobadas por el cuerpo deliberativo, y adem\u00e1s varios temas en agenda se llevar\u00e1n propuestas, como los hechos de violencia registrados en la EES8 y tambi\u00e9n en el AMCO, sin una comisi\u00f3n directiva conformada y las complicaciones que eso conlleva.<\/strong><\/p>\n","protected":false},"excerpt":{"rendered":"<p>Ser\u00e1 junto a la sexta sesi\u00f3n ordinaria del cuerpo deliberativo. Sebasti\u00e1n Matrella se encuentra de licencia y asumir\u00e1 en su<\/p>\n","protected":false},"author":2,"featured_media":171067,"comment_status":"closed","ping_status":"closed","sticky":false,"template":"","format":"standard","meta":{"_jetpack_memberships_contains_paid_content":false,"footnotes":""},"categories":[4,1],"tags":[],"class_list":["post-172116","post","type-post","status-publish","format-standard","has-post-thumbnail","hentry","category-politica","category-portada"],"jetpack_featured_media_url":"https:\/\/i0.wp.com\/cdnoticias.com\/wp-content\/uploads\/2025\/05\/HCD-sesion-8-de-mayo-2025-4.jpg?fit=1000%2C556&ssl=1","jetpack_sharing_enabled":true,"_links":{"self":[{"href":"https:\/\/cdnoticias.com\/index.php\/wp-json\/wp\/v2\/posts\/172116","targetHints":{"allow":["GET"]}}],"collection":[{"href":"https:\/\/cdnoticias.com\/index.php\/wp-json\/wp\/v2\/posts"}],"about":[{"href":"https:\/\/cdnoticias.com\/index.php\/wp-json\/wp\/v2\/types\/post"}],"author":[{"embeddable":true,"href":"https:\/\/cdnoticias.com\/index.php\/wp-json\/wp\/v2\/users\/2"}],"replies":[{"embeddable":true,"href":"https:\/\/cdnoticias.com\/index.php\/wp-json\/wp\/v2\/comments?post=172116"}],"version-history":[{"count":0,"href":"https:\/\/cdnoticias.com\/index.php\/wp-json\/wp\/v2\/posts\/172116\/revisions"}],"wp:featuredmedia":[{"embeddable":true,"href":"https:\/\/cdnoticias.com\/index.php\/wp-json\/wp\/v2\/media\/171067"}],"wp:attachment":[{"href":"https:\/\/cdnoticias.com\/index.php\/wp-json\/wp\/v2\/media?parent=172116"}],"wp:term":[{"taxonomy":"category","embeddable":true,"href":"https:\/\/cdnoticias.com\/index.php\/wp-json\/wp\/v2\/categories?post=172116"},{"taxonomy":"post_tag","embeddable":true,"href":"https:\/\/cdnoticias.com\/index.php\/wp-json\/wp\/v2\/tags?post=172116"}],"curies":[{"name":"wp","href":"https:\/\/api.w.org\/{rel}","templated":true}]}}