{"id":172111,"date":"2025-05-22T08:04:08","date_gmt":"2025-05-22T11:04:08","guid":{"rendered":"https:\/\/cdnoticias.com\/?p=172111"},"modified":"2025-05-22T10:59:16","modified_gmt":"2025-05-22T13:59:16","slug":"wesner-entrego-equipamiento-a-escuelas-del-partido","status":"publish","type":"post","link":"https:\/\/cdnoticias.com\/index.php\/2025\/05\/22\/wesner-entrego-equipamiento-a-escuelas-del-partido\/","title":{"rendered":"Wesner entreg\u00f3 equipamiento a escuelas del Partido"},"content":{"rendered":"\n<p>Se entregaron heladeras, freezers, cocinas y vajilla a instituciones de educaci\u00f3n Primaria y Secundaria. Se realiz\u00f3 una jornada de sensibilizaci\u00f3n de los Programas SAE y MESA para directores, cocineros y personal auxiliar. <\/p>\n\n\n\n<hr class=\"wp-block-separator aligncenter has-alpha-channel-opacity\"\/>\n\n\n\n<p>Este mi\u00e9rcoles<strong> el intendente Maximiliano Wesner visit\u00f3 el sal\u00f3n del club Pueblo Nuevo<\/strong>, donde durante el inicio de la ma\u00f1ana se desarroll\u00f3 una jornada de sensibilizaci\u00f3n acerca de los Programas Provinciales SAE (de Servicio Alimentario Escolar) y MESA (el M\u00f3dulo Extraordinario para la Seguridad Alimentaria), que estuvo <strong>destinada a directores, directoras, cocineros, cocineras y personal auxiliar<\/strong> que se desempe\u00f1a en distintos establecimientos educativos del Partido de Olavarr\u00eda.<\/p>\n\n\n\n<p><\/p>\n\n\n\n<p>La actividad tuvo como cierre no s\u00f3lo la<strong> entrega de los certificados<\/strong> que acreditaron la participaci\u00f3n en la propuesta, sino tambi\u00e9n de<strong> importante equipamiento a distintas escuelas.<\/strong><\/p>\n\n\n\n<p><\/p>\n\n\n\n<p>La jornada, organizada desde la Direcci\u00f3n de Nutrici\u00f3n y Calidad de Alimentos del Ministerio de Desarrollo de la Comunidad de la Provincia de Buenos Aires, estuvo a cargo del <strong>profesor Juan Pablo Sorrentino<\/strong>, director provincial del Servicio Alimentario Escolar, y el presidente del Consejo Escolar de Olavarr\u00eda, <strong>Ariel Rodr\u00edguez.\u00a0<\/strong><\/p>\n\n\n\n<p><\/p>\n\n\n\n<p>Adem\u00e1s, se cont\u00f3 con la presencia de la Jefa Regional de Educaci\u00f3n<strong> Marta Casanella<\/strong> y los consejeros escolares <strong>Leonardo Wagner y Florencia Cervino.<\/strong> En la ocasi\u00f3n se abordaron temas vinculados, precisamente, sobre alimentaci\u00f3n saludable, situaci\u00f3n nutricional de los sujetos de derecho, Ley de Promoci\u00f3n de Alimentaci\u00f3n Saludable, Marco Alimentario 2025 y entornos saludables.<\/p>\n\n\n\n<p><\/p>\n\n\n\n<p>El intendente Wesner salud\u00f3 a los presentes y agradeci\u00f3 la tarea que cocineros, cocineras y auxiliares llevan a cabo en las cocinas de las escuelas.&nbsp;<\/p>\n\n\n\n<p><\/p>\n\n\n\n<figure class=\"wp-block-image aligncenter size-full\"><img data-recalc-dims=\"1\" loading=\"lazy\" decoding=\"async\" width=\"800\" height=\"485\" src=\"https:\/\/i0.wp.com\/cdnoticias.com\/wp-content\/uploads\/2025\/05\/heladeras-instituciones-equipamiento2.png?resize=800%2C485&#038;ssl=1\" alt=\"\" class=\"wp-image-172112\" srcset=\"https:\/\/i0.wp.com\/cdnoticias.com\/wp-content\/uploads\/2025\/05\/heladeras-instituciones-equipamiento2.png?w=894&amp;ssl=1 894w, https:\/\/i0.wp.com\/cdnoticias.com\/wp-content\/uploads\/2025\/05\/heladeras-instituciones-equipamiento2.png?resize=300%2C182&amp;ssl=1 300w, https:\/\/i0.wp.com\/cdnoticias.com\/wp-content\/uploads\/2025\/05\/heladeras-instituciones-equipamiento2.png?resize=768%2C466&amp;ssl=1 768w\" sizes=\"auto, (max-width: 800px) 100vw, 800px\" \/><\/figure>\n\n\n\n<p><\/p>\n\n\n\n<blockquote class=\"wp-block-quote is-layout-flow wp-block-quote-is-layout-flow\">\n<p>\u201cPoder coordinar en territorio entre Provincia y Municipio, un gran trabajo de nuestros consejeros escolares, de poner un plato de comida en cinco mil pibes que transitan y almuerzan en las escuelas de Olavarr\u00eda, y 14 mil pibes y pibas que desayunan y meriendan en Olavarr\u00eda en nuestras instituciones educativas\u201d, agreg\u00f3. \u201cEs nuestra obligaci\u00f3n como gesti\u00f3n coordinar distintas actividades para garantizar en la mesa de los colegios el alimento\u201d, continu\u00f3 el intendente de Olavarr\u00eda.<\/p>\n<\/blockquote>\n\n\n\n<p><\/p>\n\n\n\n<p>Por \u00faltimo, enfatiz\u00f3 que \u201cpara ello vamos a trabajar todos los d\u00edas. A seguir trabajando para <strong>que cada vez sean menos pibes y pibas los que est\u00e9n comiendo en la escuela y est\u00e9n m\u00e1s en familia<\/strong>, pero mientras est\u00e9n en las instituciones educativas tengan alimentos seguros, de calidad y el acompa\u00f1amiento para poder garantizar la nutrici\u00f3n\u201d.<\/p>\n\n\n\n<p><\/p>\n\n\n\n<p>La jornada tuvo como cierre la entrega de certificados e<strong> importante equipamiento a establecimientos educativos.<\/strong> <\/p>\n\n\n\n<p><\/p>\n\n\n\n<blockquote class=\"wp-block-quote is-layout-flow wp-block-quote-is-layout-flow\">\n<p>Se trat\u00f3 de una<strong> heladera y un freezer<\/strong> a la Escuela T\u00e9cnica N\u00b0 1, una <strong>cocina <\/strong>a la Escuela N\u00b0 60, una<strong> heladera<\/strong> a la Escuela Primaria N\u00b0 65, una <strong>heladera <\/strong>a la Escuela Secundaria N\u00b0 12, una <strong>heladera<\/strong> a la Escuela primaria N\u00b0 45 y <strong>vajilla<\/strong> a la Escuela primaria N\u00b0 56.<\/p>\n<\/blockquote>\n\n\n\n<p><\/p>\n","protected":false},"excerpt":{"rendered":"<p>Se entregaron heladeras, freezers, cocinas y vajilla a instituciones de educaci\u00f3n Primaria y Secundaria. Se realiz\u00f3 una jornada de sensibilizaci\u00f3n<\/p>\n","protected":false},"author":6,"featured_media":172113,"comment_status":"closed","ping_status":"closed","sticky":false,"template":"","format":"standard","meta":{"_jetpack_memberships_contains_paid_content":false,"footnotes":""},"categories":[5,1],"tags":[],"class_list":["post-172111","post","type-post","status-publish","format-standard","has-post-thumbnail","hentry","category-informacion-general","category-portada"],"jetpack_featured_media_url":"https:\/\/i0.wp.com\/cdnoticias.com\/wp-content\/uploads\/2025\/05\/heladeras-instituciones-equipamiento1.png?fit=881%2C507&ssl=1","jetpack_sharing_enabled":true,"_links":{"self":[{"href":"https:\/\/cdnoticias.com\/index.php\/wp-json\/wp\/v2\/posts\/172111","targetHints":{"allow":["GET"]}}],"collection":[{"href":"https:\/\/cdnoticias.com\/index.php\/wp-json\/wp\/v2\/posts"}],"about":[{"href":"https:\/\/cdnoticias.com\/index.php\/wp-json\/wp\/v2\/types\/post"}],"author":[{"embeddable":true,"href":"https:\/\/cdnoticias.com\/index.php\/wp-json\/wp\/v2\/users\/6"}],"replies":[{"embeddable":true,"href":"https:\/\/cdnoticias.com\/index.php\/wp-json\/wp\/v2\/comments?post=172111"}],"version-history":[{"count":0,"href":"https:\/\/cdnoticias.com\/index.php\/wp-json\/wp\/v2\/posts\/172111\/revisions"}],"wp:featuredmedia":[{"embeddable":true,"href":"https:\/\/cdnoticias.com\/index.php\/wp-json\/wp\/v2\/media\/172113"}],"wp:attachment":[{"href":"https:\/\/cdnoticias.com\/index.php\/wp-json\/wp\/v2\/media?parent=172111"}],"wp:term":[{"taxonomy":"category","embeddable":true,"href":"https:\/\/cdnoticias.com\/index.php\/wp-json\/wp\/v2\/categories?post=172111"},{"taxonomy":"post_tag","embeddable":true,"href":"https:\/\/cdnoticias.com\/index.php\/wp-json\/wp\/v2\/tags?post=172111"}],"curies":[{"name":"wp","href":"https:\/\/api.w.org\/{rel}","templated":true}]}}