{"id":172098,"date":"2025-05-22T08:07:59","date_gmt":"2025-05-22T11:07:59","guid":{"rendered":"https:\/\/cdnoticias.com\/?p=172098"},"modified":"2025-05-22T08:08:00","modified_gmt":"2025-05-22T11:08:00","slug":"felco-estudiantes-de-secundarias-podran-presentar-videoclips-en-el-festival","status":"publish","type":"post","link":"https:\/\/cdnoticias.com\/index.php\/2025\/05\/22\/felco-estudiantes-de-secundarias-podran-presentar-videoclips-en-el-festival\/","title":{"rendered":"FELCO: Estudiantes de secundarias podr\u00e1n presentar videoclips en el festival\u00a0"},"content":{"rendered":"\n<p>Esta propuesta se suma a las novedades de la tercera edici\u00f3n del Festival Latinoamericano de Cine de Olavarr\u00eda que se realizar\u00e1 el 26, 27 y 28 de septiembre en el Teatro y en distintos espacios de la ciudad.<\/p>\n\n\n\n<hr class=\"wp-block-separator aligncenter has-alpha-channel-opacity\"\/>\n\n\n\n<p>Por tercer a\u00f1o consecutivo, <strong>se desarrollar\u00e1 en la ciudad el Festival Latinoamericano de Cine de Olavarr\u00eda<\/strong> (FeLCO).\u00a0 La propuesta,\u00a0 en sus primeras dos ediciones solo estaba destinada a la proyecci\u00f3n de <strong>cortometrajes<\/strong>. Este a\u00f1o, sumar\u00e1 <strong>largometrajes y diferentes secciones.<\/strong><\/p>\n\n\n\n<p><\/p>\n\n\n\n<blockquote class=\"wp-block-quote is-layout-flow wp-block-quote-is-layout-flow\">\n<p>El FeLCO se realizar\u00e1 durante los d\u00edas 26, 27 y 28 de septiembre en el Teatro Municipal y en distintos espacios de la ciudad. Habr\u00e1 charlas, paneles, proyecci\u00f3n de largos y cortos. Adem\u00e1s de diferentes propuestas como proyecciones accesibles para personas sordas, participaci\u00f3n en las localidades e invitados especiales.\u00a0<\/p>\n<\/blockquote>\n\n\n\n<p><\/p>\n\n\n\n<p><strong><em>\u201cVamos a ir anunciando otras actividades que se van a sumar a esta nueva edici\u00f3n en las pr\u00f3ximas semanas. Queremos llevar este Festival a la mayor cantidad de lugares que podamos\u201d<\/em><\/strong> contaron desde la organizaci\u00f3n.<\/p>\n\n\n\n<p><\/p>\n\n\n\n<p>Como una de las novedades principales de esta edici\u00f3n, el FeLCO abri\u00f3 la convocatoria para que<strong> estudiantes de escuelas secundarias puedan realizar videoclips y video minuto.<\/strong><\/p>\n\n\n\n<p><\/p>\n\n\n\n<figure class=\"wp-block-image aligncenter size-large\"><img data-recalc-dims=\"1\" loading=\"lazy\" decoding=\"async\" width=\"800\" height=\"1000\" src=\"https:\/\/i0.wp.com\/cdnoticias.com\/wp-content\/uploads\/2025\/05\/felco-flyer.jpg?resize=800%2C1000&#038;ssl=1\" alt=\"\" class=\"wp-image-172099\" srcset=\"https:\/\/i0.wp.com\/cdnoticias.com\/wp-content\/uploads\/2025\/05\/felco-flyer.jpg?resize=819%2C1024&amp;ssl=1 819w, https:\/\/i0.wp.com\/cdnoticias.com\/wp-content\/uploads\/2025\/05\/felco-flyer.jpg?resize=240%2C300&amp;ssl=1 240w, https:\/\/i0.wp.com\/cdnoticias.com\/wp-content\/uploads\/2025\/05\/felco-flyer.jpg?resize=768%2C960&amp;ssl=1 768w, https:\/\/i0.wp.com\/cdnoticias.com\/wp-content\/uploads\/2025\/05\/felco-flyer.jpg?w=900&amp;ssl=1 900w\" sizes=\"auto, (max-width: 800px) 100vw, 800px\" \/><\/figure>\n\n\n\n<p><\/p>\n\n\n\n<p>La participaci\u00f3n es <strong>libre y gratuita,<\/strong> al igual que todas las actividades del Festival y tiene como <strong>objetivo incentivar y acompa\u00f1ar la producci\u00f3n de material audiovisual en diferentes sectores de la sociedad.\u00a0<\/strong><\/p>\n\n\n\n<p><\/p>\n\n\n\n<p>Los docentes y alumnos interesados en participar pueden encontrar el formulario en las redes y web del FeLCO o <a href=\"https:\/\/docs.google.com\/forms\/d\/e\/1FAIpQLSeOzGNiheN8YrHjC9AUDDFZP6iFXM0uNYA85RpudZBSpzWlUw\/viewform\" target=\"_blank\" rel=\"noreferrer noopener\">ingresando en este link.<\/a>\u00a0 L<strong>a convocatoria est\u00e1 abierta hasta el 25 de julio<\/strong>. El m\u00f3dulo de escuelas del Festival es coordinado por el profesor Leonardo Barcelona.\u00a0<\/p>\n\n\n\n<p><\/p>\n\n\n\n<blockquote class=\"wp-block-quote is-layout-flow wp-block-quote-is-layout-flow\">\n<p>\u201cEsperamos que se sumen las escuelas y los alumnos, es una propuesta muy interesante, divertida y que invita a la creaci\u00f3n\u201d se indic\u00f3.<\/p>\n<\/blockquote>\n\n\n\n<p><\/p>\n\n\n\n<p>Por otro lado, en paralelo, tambi\u00e9n <strong>contin\u00faa abierta hasta el 30 de junio la convocatoria general <\/strong>para realizadores de<strong> distintas partes del pa\u00eds y Latinoam\u00e9rica.\u00a0<\/strong><\/p>\n\n\n\n<p><\/p>\n\n\n\n<p>\u201cA\u00fan falta poco m\u00e1s de un mes para que cierre la convocatoria y <strong>ya tenemos m\u00e1s de 300 producciones recibidas<\/strong>. Nos lleg\u00f3 mucho material de<strong> Brasil, Chile, Colombia y Argentina<\/strong>, adem\u00e1s de otros pa\u00edses\u201d detallaron. Todo el material que se reciba en la convocatoria general ser\u00e1 seleccionado por un comit\u00e9 de visionado del FeLCO y formar\u00e1 parte de la Selecci\u00f3n Oficial que se proyectar\u00e1 durante los d\u00edas del Festival.\u00a0<\/p>\n\n\n\n<p><\/p>\n\n\n\n<p>Esas son las producciones que ser\u00e1n evaluadas por el<strong> jurado de esta nueva edici\u00f3n<\/strong>, que est\u00e1 integrado por <strong>Diego Trerotola, Meri Lucewitz, Lucia Costa Saur\u00e9, Paulo Soria, Mariano Gregorini y Lola Beir de Francesco.<\/strong><\/p>\n\n\n\n<p><\/p>\n\n\n\n<p>El Festival Latinoamericano de Cine de Olavarr\u00eda es organizado por <strong>Sebasti\u00e1n Magallanes y Roberto Vecchi <\/strong>y cuenta con el acompa\u00f1amiento y el apoyo de la Municipalidad de Olavarr\u00eda, el CECO, el Instituto Cultural de la Provincia de Buenos Aires, la plataforma Flixxo, la Facultad de Ciencias Sociales de Olavarr\u00eda, Black Mandala Films y caf\u00e9 Vega.<\/p>\n\n\n\n<p><\/p>\n","protected":false},"excerpt":{"rendered":"<p>Esta propuesta se suma a las novedades de la tercera edici\u00f3n del Festival Latinoamericano de Cine de Olavarr\u00eda que se<\/p>\n","protected":false},"author":6,"featured_media":125662,"comment_status":"closed","ping_status":"closed","sticky":false,"template":"","format":"standard","meta":{"_jetpack_memberships_contains_paid_content":false,"footnotes":""},"categories":[9,1],"tags":[],"class_list":["post-172098","post","type-post","status-publish","format-standard","has-post-thumbnail","hentry","category-cultura","category-portada"],"jetpack_featured_media_url":"https:\/\/i0.wp.com\/cdnoticias.com\/wp-content\/uploads\/2024\/09\/Cierre-FELCO-12-scaled-1.jpg?fit=2560%2C1667&ssl=1","jetpack_sharing_enabled":true,"_links":{"self":[{"href":"https:\/\/cdnoticias.com\/index.php\/wp-json\/wp\/v2\/posts\/172098","targetHints":{"allow":["GET"]}}],"collection":[{"href":"https:\/\/cdnoticias.com\/index.php\/wp-json\/wp\/v2\/posts"}],"about":[{"href":"https:\/\/cdnoticias.com\/index.php\/wp-json\/wp\/v2\/types\/post"}],"author":[{"embeddable":true,"href":"https:\/\/cdnoticias.com\/index.php\/wp-json\/wp\/v2\/users\/6"}],"replies":[{"embeddable":true,"href":"https:\/\/cdnoticias.com\/index.php\/wp-json\/wp\/v2\/comments?post=172098"}],"version-history":[{"count":0,"href":"https:\/\/cdnoticias.com\/index.php\/wp-json\/wp\/v2\/posts\/172098\/revisions"}],"wp:featuredmedia":[{"embeddable":true,"href":"https:\/\/cdnoticias.com\/index.php\/wp-json\/wp\/v2\/media\/125662"}],"wp:attachment":[{"href":"https:\/\/cdnoticias.com\/index.php\/wp-json\/wp\/v2\/media?parent=172098"}],"wp:term":[{"taxonomy":"category","embeddable":true,"href":"https:\/\/cdnoticias.com\/index.php\/wp-json\/wp\/v2\/categories?post=172098"},{"taxonomy":"post_tag","embeddable":true,"href":"https:\/\/cdnoticias.com\/index.php\/wp-json\/wp\/v2\/tags?post=172098"}],"curies":[{"name":"wp","href":"https:\/\/api.w.org\/{rel}","templated":true}]}}