{"id":17209,"date":"2021-03-26T12:46:46","date_gmt":"2021-03-26T15:46:46","guid":{"rendered":"http:\/\/www.centraldenoticias.com.ar\/?p=17209"},"modified":"2021-03-26T13:30:19","modified_gmt":"2021-03-26T16:30:19","slug":"suba-de-7-en-las-tarifas-de-electricidad-para-usuarios-de-olavarria","status":"publish","type":"post","link":"https:\/\/cdnoticias.com\/index.php\/2021\/03\/26\/suba-de-7-en-las-tarifas-de-electricidad-para-usuarios-de-olavarria\/","title":{"rendered":"Suba de 7% en las tarifas de electricidad para usuarios de Olavarr\u00eda"},"content":{"rendered":"<p>Se aplicar\u00e1 a partir de abril. El Gobierno bonaerense anunci\u00f3 el incremento que alcanzar\u00e1 a las prestadoras que dan servicio en el interior, entre ellas Coopelectric.<!--more--><\/p>\n<hr \/>\n<p><strong>El gobernador Axel Kicillof anunci\u00f3 que a partir de abril las tarifas de electricidad en la provincia de Buenos Aires sufrir\u00e1n un aumento del 7%<\/strong>, mientras se negociar\u00e1 con las prestadoras un incremento para el resto del a\u00f1o.<\/p>\n<p>&nbsp;<\/p>\n<p><strong>Los cambios tendr\u00e1n impacto en los usuarios de Olavarr\u00eda, ya que alcanza a las cooperativas prestadoras de la distribuci\u00f3n como Coopelectric.<\/strong><\/p>\n<p>&nbsp;<\/p>\n<p>El anuncio se hizo este viernes en La Plata junto al<strong> subsecretario de Energ\u00eda bonaerense, Gast\u00f3n Ghioni.<\/strong><\/p>\n<p>&nbsp;<\/p>\n<p><img data-recalc-dims=\"1\" loading=\"lazy\" decoding=\"async\" class=\"aligncenter wp-image-17210 size-full\" src=\"https:\/\/i0.wp.com\/cdnoticias.com\/wp-content\/uploads\/2021\/03\/tarifas-kicillof.jpg?resize=800%2C445&#038;ssl=1\" alt=\"\" width=\"800\" height=\"445\" srcset=\"https:\/\/i0.wp.com\/cdnoticias.com\/wp-content\/uploads\/2021\/03\/tarifas-kicillof.jpg?w=800&amp;ssl=1 800w, https:\/\/i0.wp.com\/cdnoticias.com\/wp-content\/uploads\/2021\/03\/tarifas-kicillof.jpg?resize=300%2C167&amp;ssl=1 300w, https:\/\/i0.wp.com\/cdnoticias.com\/wp-content\/uploads\/2021\/03\/tarifas-kicillof.jpg?resize=768%2C427&amp;ssl=1 768w\" sizes=\"auto, (max-width: 800px) 100vw, 800px\" \/><\/p>\n<p>&nbsp;<\/p>\n<blockquote><p>\u201cEstamos anunciando un aumento de 7% en la tarifa final a partir del 1\u00b0 de abril e iniciar con ellos un per\u00edodo de negociaci\u00f3n y empezar a definir costos e inversiones necesarias hacia adelante. Esas inversiones van a garantizar el sostenimiento de la red\u201d, indic\u00f3 Ghioni.<\/p><\/blockquote>\n<p>&nbsp;<\/p>\n<p>Agreg\u00f3 que <strong>esta situaci\u00f3n de transici\u00f3n se extender\u00eda hasta el pr\u00f3ximo periodo de revisi\u00f3n tarifaria<\/strong>, que se realizar\u00eda el a\u00f1o que viene.<\/p>\n<p>&nbsp;<\/p>\n<p>El subsecretario aclar\u00f3 que los anuncios no afectan al \u00c1rea Metropolitana de Buenos Aires (AMBA), sino al resto de la provincia, es decir al servicio que prestan las distribuidoras Edelap, Edes, Edea, Eden, y tambi\u00e9n<strong> las cooperativas que sirven a m\u00e1s de 80 localidades<\/strong>.<\/p>\n<p>&nbsp;<\/p>\n<p>\u201cNosotros <strong>nos estamos refiriendo al 40% de la provincia<\/strong>. Nos estamos refiriendo a esos usuarios, no a Edenor y Edesur\u201d, dijo.<\/p>\n<p>&nbsp;<\/p>\n<p>Fuente: <em>Agencia DIB<\/em><\/p>\n","protected":false},"excerpt":{"rendered":"<p>Se aplicar\u00e1 a partir de abril. El Gobierno bonaerense anunci\u00f3 el incremento que alcanzar\u00e1 a las prestadoras que dan servicio<\/p>\n","protected":false},"author":4,"featured_media":17211,"comment_status":"closed","ping_status":"closed","sticky":false,"template":"","format":"standard","meta":{"_jetpack_memberships_contains_paid_content":false,"footnotes":""},"categories":[6,1],"tags":[],"class_list":["post-17209","post","type-post","status-publish","format-standard","has-post-thumbnail","hentry","category-nacionales","category-portada"],"jetpack_featured_media_url":"https:\/\/i0.wp.com\/cdnoticias.com\/wp-content\/uploads\/2021\/03\/tarifas-ghione.jpg?fit=800%2C445&ssl=1","jetpack_sharing_enabled":true,"_links":{"self":[{"href":"https:\/\/cdnoticias.com\/index.php\/wp-json\/wp\/v2\/posts\/17209","targetHints":{"allow":["GET"]}}],"collection":[{"href":"https:\/\/cdnoticias.com\/index.php\/wp-json\/wp\/v2\/posts"}],"about":[{"href":"https:\/\/cdnoticias.com\/index.php\/wp-json\/wp\/v2\/types\/post"}],"author":[{"embeddable":true,"href":"https:\/\/cdnoticias.com\/index.php\/wp-json\/wp\/v2\/users\/4"}],"replies":[{"embeddable":true,"href":"https:\/\/cdnoticias.com\/index.php\/wp-json\/wp\/v2\/comments?post=17209"}],"version-history":[{"count":0,"href":"https:\/\/cdnoticias.com\/index.php\/wp-json\/wp\/v2\/posts\/17209\/revisions"}],"wp:featuredmedia":[{"embeddable":true,"href":"https:\/\/cdnoticias.com\/index.php\/wp-json\/wp\/v2\/media\/17211"}],"wp:attachment":[{"href":"https:\/\/cdnoticias.com\/index.php\/wp-json\/wp\/v2\/media?parent=17209"}],"wp:term":[{"taxonomy":"category","embeddable":true,"href":"https:\/\/cdnoticias.com\/index.php\/wp-json\/wp\/v2\/categories?post=17209"},{"taxonomy":"post_tag","embeddable":true,"href":"https:\/\/cdnoticias.com\/index.php\/wp-json\/wp\/v2\/tags?post=17209"}],"curies":[{"name":"wp","href":"https:\/\/api.w.org\/{rel}","templated":true}]}}