{"id":172089,"date":"2025-05-22T17:04:06","date_gmt":"2025-05-22T20:04:06","guid":{"rendered":"https:\/\/cdnoticias.com\/?p=172089"},"modified":"2025-05-22T17:04:08","modified_gmt":"2025-05-22T20:04:08","slug":"pequenas-historias-titiritescas-en-insurgente","status":"publish","type":"post","link":"https:\/\/cdnoticias.com\/index.php\/2025\/05\/22\/pequenas-historias-titiritescas-en-insurgente\/","title":{"rendered":"Peque\u00f1as historias titiritescas en Insurgente\u00a0"},"content":{"rendered":"\n<p>Ser\u00e1 este s\u00e1bado 24 a las 17 horas. El espect\u00e1culo est\u00e1 destinado a toda la familia y forma parte de una gira nacional de la compa\u00f1\u00eda.<\/p>\n\n\n\n<hr class=\"wp-block-separator aligncenter has-alpha-channel-opacity\"\/>\n\n\n\n<p>Desde Bariloche,<strong> este s\u00e1bado 24, a las 17 horas, llega al espacio cultural Insurgente &#8220;Peque\u00f1as historias titiritescas&#8221;. <\/strong>La entrada tiene un costo de $6.000 y habr\u00e1 servicio de cantina.\u00a0<\/p>\n\n\n\n<p><\/p>\n\n\n\n<p>La compa\u00f1\u00eda \u201cT\u00edteres al viento\u201d <strong>ofrecer\u00e1 una funci\u00f3n en la que incluir\u00e1 varias obras breves,<\/strong> tiernas, muy din\u00e1micas y en clave de humor. El espect\u00e1culo est\u00e1 <strong>destinado a toda la familia<\/strong> y forma parte de una gira nacional de la compa\u00f1\u00eda.\u00a0<\/p>\n\n\n\n<p><\/p>\n\n\n\n<blockquote class=\"wp-block-quote is-layout-flow wp-block-quote-is-layout-flow\">\n<p>Estrenada en 2018, <em>Peque\u00f1as historias titiritescas <\/em>lleva m\u00e1s de cuatrocientas presentaciones. En la obra, Felipe, el presentador de la compa\u00f1\u00eda, introduce las distintas historias molestado por una gallina traviesa que lo envuelve en distintas peripecias humor\u00edsticas.\u00a0<\/p>\n<\/blockquote>\n\n\n\n<p><\/p>\n\n\n\n<p>La compa\u00f1\u00eda T\u00edteres al viento fue<strong> fundada en la ciudad de Bariloche<\/strong> en 2010 y trabaja profesionalmente desde el 2015. Ha estrenado<strong> cuatro obras para p\u00fablico infantil y una para p\u00fablico adulto.\u00a0<\/strong><\/p>\n\n\n\n<p>.<\/p>\n\n\n\n<p>Asimismo, recorre Argentina participando de Festivales de Teatro y T\u00edteres y por medio de giras autogestivas. Ha recibido <strong>premios, distinciones y reconocimientos por su labor art\u00edstica. <\/strong>Su Instagram es <strong>@titeresalviento, <\/strong>para quienes quieran conocer m\u00e1s de la compa\u00f1\u00eda.\u00a0<\/p>\n","protected":false},"excerpt":{"rendered":"<p>Ser\u00e1 este s\u00e1bado 24 a las 17 horas. El espect\u00e1culo est\u00e1 destinado a toda la familia y forma parte de<\/p>\n","protected":false},"author":6,"featured_media":172097,"comment_status":"closed","ping_status":"closed","sticky":false,"template":"","format":"standard","meta":{"_jetpack_memberships_contains_paid_content":false,"footnotes":""},"categories":[9,1],"tags":[],"class_list":["post-172089","post","type-post","status-publish","format-standard","has-post-thumbnail","hentry","category-cultura","category-portada"],"jetpack_featured_media_url":"https:\/\/i0.wp.com\/cdnoticias.com\/wp-content\/uploads\/2025\/05\/titeres-insurgente.jpg?fit=900%2C600&ssl=1","jetpack_sharing_enabled":true,"_links":{"self":[{"href":"https:\/\/cdnoticias.com\/index.php\/wp-json\/wp\/v2\/posts\/172089","targetHints":{"allow":["GET"]}}],"collection":[{"href":"https:\/\/cdnoticias.com\/index.php\/wp-json\/wp\/v2\/posts"}],"about":[{"href":"https:\/\/cdnoticias.com\/index.php\/wp-json\/wp\/v2\/types\/post"}],"author":[{"embeddable":true,"href":"https:\/\/cdnoticias.com\/index.php\/wp-json\/wp\/v2\/users\/6"}],"replies":[{"embeddable":true,"href":"https:\/\/cdnoticias.com\/index.php\/wp-json\/wp\/v2\/comments?post=172089"}],"version-history":[{"count":0,"href":"https:\/\/cdnoticias.com\/index.php\/wp-json\/wp\/v2\/posts\/172089\/revisions"}],"wp:featuredmedia":[{"embeddable":true,"href":"https:\/\/cdnoticias.com\/index.php\/wp-json\/wp\/v2\/media\/172097"}],"wp:attachment":[{"href":"https:\/\/cdnoticias.com\/index.php\/wp-json\/wp\/v2\/media?parent=172089"}],"wp:term":[{"taxonomy":"category","embeddable":true,"href":"https:\/\/cdnoticias.com\/index.php\/wp-json\/wp\/v2\/categories?post=172089"},{"taxonomy":"post_tag","embeddable":true,"href":"https:\/\/cdnoticias.com\/index.php\/wp-json\/wp\/v2\/tags?post=172089"}],"curies":[{"name":"wp","href":"https:\/\/api.w.org\/{rel}","templated":true}]}}