{"id":172087,"date":"2025-05-21T16:33:54","date_gmt":"2025-05-21T19:33:54","guid":{"rendered":"https:\/\/cdnoticias.com\/?p=172087"},"modified":"2025-05-21T16:33:56","modified_gmt":"2025-05-21T19:33:56","slug":"covers-acusticos-en-la-alianza-francesa-olavarria","status":"publish","type":"post","link":"https:\/\/cdnoticias.com\/index.php\/2025\/05\/21\/covers-acusticos-en-la-alianza-francesa-olavarria\/","title":{"rendered":"\u201cCovers ac\u00fasticos\u201d en la Alianza Francesa Olavarr\u00eda"},"content":{"rendered":"\n<p>Ser\u00e1 este viernes 23 a las 21 horas a cargo de la cantante Emilia Caminada.<\/p>\n\n\n\n<hr class=\"wp-block-separator aligncenter has-alpha-channel-opacity\"\/>\n\n\n\n<p>Este<strong> viernes 23 de mayo a las 21 horas, <\/strong>se presenta E<strong>milia Caminada con &#8220;Cover&#8217;s Ac\u00fasticos<\/strong>&#8220;, en l<strong>a Alianza Francesa Olavarr\u00eda,<\/strong> ubicada en Dorrego 3161.<\/p>\n\n\n\n<p><\/p>\n\n\n\n<p>La <strong>entrada es de $5000<\/strong> y puede adquirirse en la secretar\u00eda de la Alianza, <strong>de 10 a 12\u00a0 horas,<\/strong> en La Pieza que Faltaba (Belgrano y Lavalle) o el mismo d\u00eda en la puerta.\u00a0\u00a0<\/p>\n\n\n\n<p><\/p>\n\n\n\n<p>Emilia Caminada naci\u00f3 en 1983, y es <strong>profesora de literatura y canto. <\/strong>Su pasi\u00f3n por la m\u00fasica nace cuando cumple sus 9 a\u00f1os. Estudi\u00f3 canto con Elena Sanchetta de Tocino, reconocida cantante local. De m\u00e1s grande viaj\u00f3 a Buenos Aires para perfeccionarse con la Profesora Luz Carriquiry.<\/p>\n\n\n\n<p><\/p>\n\n\n\n<blockquote class=\"wp-block-quote is-layout-flow wp-block-quote-is-layout-flow\">\n<p>En 2006, dirigi\u00f3 su primer coro en la Biblioteca Coty Laborde. Tambi\u00e9n dio clases de canto en la Escuela Municipal de M\u00fasica y dirigi\u00f3 el grupo vocal de Colonia Hinojo como as\u00ed tambi\u00e9n el coro de la Alianza Francesa.\u00a0<\/p>\n<\/blockquote>\n\n\n\n<p><\/p>\n\n\n\n<p>Estuvo en muchas bandas y fue parte, durante alg\u00fan tiempo, del <strong>Coro Sonamos<\/strong> dirigido por el <strong>Chino Correa.<\/strong> Asimismo, grab\u00f3 canciones y coros para algunas bandas locales.<\/p>\n\n\n\n<p><\/p>\n\n\n\n<p>Actualmente se dedica a dar<strong> clases de Literatura y canto individual,<\/strong> como tambi\u00e9n cantar en lugares que la invitan.<\/p>\n\n\n\n<p><\/p>\n\n\n\n<p>La cantante se presentar\u00e1 en<strong> formato ac\u00fastico cantando temas de rock nacional y latinoamericano como Marta G\u00f3mez, Hilda Lizarazu, Aristimu\u00f1o, e<\/strong>ntre otros. En un clima \u00edntimo se espera que la gente deguste la rica comida que har\u00e1 la cantina del lugar, mientras escucha linda m\u00fasica.<\/p>\n\n\n\n<p><\/p>\n","protected":false},"excerpt":{"rendered":"<p>Ser\u00e1 este viernes 23 a las 21 horas a cargo de la cantante Emilia Caminada. Este viernes 23 de mayo<\/p>\n","protected":false},"author":6,"featured_media":79859,"comment_status":"closed","ping_status":"closed","sticky":false,"template":"","format":"standard","meta":{"_jetpack_memberships_contains_paid_content":false,"footnotes":""},"categories":[9,1],"tags":[],"class_list":["post-172087","post","type-post","status-publish","format-standard","has-post-thumbnail","hentry","category-cultura","category-portada"],"jetpack_featured_media_url":"https:\/\/i0.wp.com\/cdnoticias.com\/wp-content\/uploads\/2023\/03\/alianza-francesa-01.jpg?fit=800%2C445&ssl=1","jetpack_sharing_enabled":true,"_links":{"self":[{"href":"https:\/\/cdnoticias.com\/index.php\/wp-json\/wp\/v2\/posts\/172087","targetHints":{"allow":["GET"]}}],"collection":[{"href":"https:\/\/cdnoticias.com\/index.php\/wp-json\/wp\/v2\/posts"}],"about":[{"href":"https:\/\/cdnoticias.com\/index.php\/wp-json\/wp\/v2\/types\/post"}],"author":[{"embeddable":true,"href":"https:\/\/cdnoticias.com\/index.php\/wp-json\/wp\/v2\/users\/6"}],"replies":[{"embeddable":true,"href":"https:\/\/cdnoticias.com\/index.php\/wp-json\/wp\/v2\/comments?post=172087"}],"version-history":[{"count":0,"href":"https:\/\/cdnoticias.com\/index.php\/wp-json\/wp\/v2\/posts\/172087\/revisions"}],"wp:featuredmedia":[{"embeddable":true,"href":"https:\/\/cdnoticias.com\/index.php\/wp-json\/wp\/v2\/media\/79859"}],"wp:attachment":[{"href":"https:\/\/cdnoticias.com\/index.php\/wp-json\/wp\/v2\/media?parent=172087"}],"wp:term":[{"taxonomy":"category","embeddable":true,"href":"https:\/\/cdnoticias.com\/index.php\/wp-json\/wp\/v2\/categories?post=172087"},{"taxonomy":"post_tag","embeddable":true,"href":"https:\/\/cdnoticias.com\/index.php\/wp-json\/wp\/v2\/tags?post=172087"}],"curies":[{"name":"wp","href":"https:\/\/api.w.org\/{rel}","templated":true}]}}